{"id":15936,"date":"2025-04-08T16:42:18","date_gmt":"2025-04-08T14:42:18","guid":{"rendered":"https:\/\/wgphoto.pl\/t\/?p=15936"},"modified":"2025-04-08T16:42:18","modified_gmt":"2025-04-08T14:42:18","slug":"gotowi-do-startu-5","status":"publish","type":"post","link":"https:\/\/wgphoto.pl\/t\/?p=15936","title":{"rendered":"Gotowi do startu"},"content":{"rendered":"\n<figure class=\"wp-block-image aligncenter size-full\"><img loading=\"lazy\" decoding=\"async\" width=\"1200\" height=\"803\" src=\"https:\/\/wgphoto.pl\/t\/wp-content\/uploads\/2025\/04\/IMGP4919-1.jpg\" alt=\"\" class=\"wp-image-15937\" srcset=\"https:\/\/wgphoto.pl\/t\/wp-content\/uploads\/2025\/04\/IMGP4919-1.jpg 1200w, https:\/\/wgphoto.pl\/t\/wp-content\/uploads\/2025\/04\/IMGP4919-1-300x201.jpg 300w, https:\/\/wgphoto.pl\/t\/wp-content\/uploads\/2025\/04\/IMGP4919-1-768x514.jpg 768w\" sizes=\"auto, (max-width: 1200px) 100vw, 1200px\" \/><\/figure>\n\n\n\n<div class=\"wp-block-group has-global-padding is-layout-constrained wp-block-group-is-layout-constrained\">\n<p>Wystawa taboru przy peronach w Lichkovie. Stadler przyjecha\u0142 z Hanu\u0161ovic, drewnolino pojedzie do Wroc\u0142awia, a motorak oczekuje na swoje lokalne kursy w rejonie Kr\u00e1l\u00edk. 04.08.2013<\/p>\n<\/div>\n","protected":false},"excerpt":{"rendered":"<p>Wystawa taboru przy peronach w Lichkovie. Stadler przyjecha\u0142 z Hanu\u0161ovic, drewnolino pojedzie do Wroc\u0142awia, a motorak oczekuje na swoje lokalne kursy w rejonie Kr\u00e1l\u00edk. 04.08.2013<\/p>\n","protected":false},"author":1,"featured_media":15937,"comment_status":"open","ping_status":"","sticky":false,"template":"","format":"standard","meta":{"footnotes":""},"categories":[2,55],"tags":[2947,92,50,49,132,249,2051,63,1599,584],"class_list":["post-15936","post","type-post","status-publish","format-standard","has-post-thumbnail","hentry","category-kolej","category-rok-2013","tag-2013-08-04","tag-92","tag-cd","tag-czechy","tag-en57","tag-goscinne-wystepy","tag-lichkov","tag-pkp","tag-stadler-regio-shuttle","tag-tab-cz024"],"_links":{"self":[{"href":"https:\/\/wgphoto.pl\/t\/index.php?rest_route=\/wp\/v2\/posts\/15936","targetHints":{"allow":["GET"]}}],"collection":[{"href":"https:\/\/wgphoto.pl\/t\/index.php?rest_route=\/wp\/v2\/posts"}],"about":[{"href":"https:\/\/wgphoto.pl\/t\/index.php?rest_route=\/wp\/v2\/types\/post"}],"author":[{"embeddable":true,"href":"https:\/\/wgphoto.pl\/t\/index.php?rest_route=\/wp\/v2\/users\/1"}],"replies":[{"embeddable":true,"href":"https:\/\/wgphoto.pl\/t\/index.php?rest_route=%2Fwp%2Fv2%2Fcomments&post=15936"}],"version-history":[{"count":1,"href":"https:\/\/wgphoto.pl\/t\/index.php?rest_route=\/wp\/v2\/posts\/15936\/revisions"}],"predecessor-version":[{"id":15938,"href":"https:\/\/wgphoto.pl\/t\/index.php?rest_route=\/wp\/v2\/posts\/15936\/revisions\/15938"}],"wp:featuredmedia":[{"embeddable":true,"href":"https:\/\/wgphoto.pl\/t\/index.php?rest_route=\/wp\/v2\/media\/15937"}],"wp:attachment":[{"href":"https:\/\/wgphoto.pl\/t\/index.php?rest_route=%2Fwp%2Fv2%2Fmedia&parent=15936"}],"wp:term":[{"taxonomy":"category","embeddable":true,"href":"https:\/\/wgphoto.pl\/t\/index.php?rest_route=%2Fwp%2Fv2%2Fcategories&post=15936"},{"taxonomy":"post_tag","embeddable":true,"href":"https:\/\/wgphoto.pl\/t\/index.php?rest_route=%2Fwp%2Fv2%2Ftags&post=15936"}],"curies":[{"name":"wp","href":"https:\/\/api.w.org\/{rel}","templated":true}]}}