{"id":15939,"date":"2025-04-08T16:43:23","date_gmt":"2025-04-08T14:43:23","guid":{"rendered":"https:\/\/wgphoto.pl\/t\/?p=15939"},"modified":"2025-04-08T16:43:23","modified_gmt":"2025-04-08T14:43:23","slug":"krzyzowanie-w-lansperku","status":"publish","type":"post","link":"https:\/\/wgphoto.pl\/t\/?p=15939","title":{"rendered":"Krzy\u017cowanie w Lan\u0161perku"},"content":{"rendered":"\n<figure class=\"wp-block-image aligncenter size-full\"><img loading=\"lazy\" decoding=\"async\" width=\"1200\" height=\"803\" src=\"https:\/\/wgphoto.pl\/t\/wp-content\/uploads\/2025\/04\/IMGP4343.jpg\" alt=\"\" class=\"wp-image-15940\" srcset=\"https:\/\/wgphoto.pl\/t\/wp-content\/uploads\/2025\/04\/IMGP4343.jpg 1200w, https:\/\/wgphoto.pl\/t\/wp-content\/uploads\/2025\/04\/IMGP4343-300x201.jpg 300w, https:\/\/wgphoto.pl\/t\/wp-content\/uploads\/2025\/04\/IMGP4343-768x514.jpg 768w\" sizes=\"auto, (max-width: 1200px) 100vw, 1200px\" \/><\/figure>\n\n\n\n<div class=\"wp-block-group has-global-padding is-layout-constrained wp-block-group-is-layout-constrained\">\n<p>Sfotografowane na szybko krzy\u017cowanie poci\u0105gu 15122 z K\u0142odzka do \u00dast\u00ed nad Orlic\u00ed ze sk\u0142adem 20039 z \u00dast\u00ed n.O. do Letohradu, kt\u00f3rym jecha\u0142em. Nigdy nie pope\u0142ni\u0142em sensownego zdj\u0119cia EN57 w Czechach na szlaku. Zawsze to by\u0142y tylko kadry z poci\u0105gami, z kt\u00f3rych wysiad\u0142em, do kt\u00f3rych wsiada\u0142em albo kt\u00f3re mija\u0142em. 28.09.2011<\/p>\n<\/div>\n","protected":false},"excerpt":{"rendered":"<p>Sfotografowane na szybko krzy\u017cowanie poci\u0105gu 15122 z K\u0142odzka do \u00dast\u00ed nad Orlic\u00ed ze sk\u0142adem 20039 z \u00dast\u00ed n.O. do Letohradu, kt\u00f3rym jecha\u0142em. Nigdy nie pope\u0142ni\u0142em sensownego zdj\u0119cia EN57 w Czechach na szlaku. Zawsze to by\u0142y tylko kadry z poci\u0105gami, z kt\u00f3rych wysiad\u0142em, do kt\u00f3rych wsiada\u0142em albo kt\u00f3re mija\u0142em. 28.09.2011<\/p>\n","protected":false},"author":1,"featured_media":15940,"comment_status":"open","ping_status":"","sticky":false,"template":"","format":"standard","meta":{"footnotes":""},"categories":[2,77],"tags":[1401,2219,50,49,313,132,249,3651,63,584],"class_list":["post-15939","post","type-post","status-publish","format-standard","has-post-thumbnail","hentry","category-kolej","category-rok-2011","tag-1401","tag-2011-09-28","tag-cd","tag-czechy","tag-dyzurny","tag-en57","tag-goscinne-wystepy","tag-lansperk","tag-pkp","tag-tab-cz024"],"_links":{"self":[{"href":"https:\/\/wgphoto.pl\/t\/index.php?rest_route=\/wp\/v2\/posts\/15939","targetHints":{"allow":["GET"]}}],"collection":[{"href":"https:\/\/wgphoto.pl\/t\/index.php?rest_route=\/wp\/v2\/posts"}],"about":[{"href":"https:\/\/wgphoto.pl\/t\/index.php?rest_route=\/wp\/v2\/types\/post"}],"author":[{"embeddable":true,"href":"https:\/\/wgphoto.pl\/t\/index.php?rest_route=\/wp\/v2\/users\/1"}],"replies":[{"embeddable":true,"href":"https:\/\/wgphoto.pl\/t\/index.php?rest_route=%2Fwp%2Fv2%2Fcomments&post=15939"}],"version-history":[{"count":1,"href":"https:\/\/wgphoto.pl\/t\/index.php?rest_route=\/wp\/v2\/posts\/15939\/revisions"}],"predecessor-version":[{"id":15941,"href":"https:\/\/wgphoto.pl\/t\/index.php?rest_route=\/wp\/v2\/posts\/15939\/revisions\/15941"}],"wp:featuredmedia":[{"embeddable":true,"href":"https:\/\/wgphoto.pl\/t\/index.php?rest_route=\/wp\/v2\/media\/15940"}],"wp:attachment":[{"href":"https:\/\/wgphoto.pl\/t\/index.php?rest_route=%2Fwp%2Fv2%2Fmedia&parent=15939"}],"wp:term":[{"taxonomy":"category","embeddable":true,"href":"https:\/\/wgphoto.pl\/t\/index.php?rest_route=%2Fwp%2Fv2%2Fcategories&post=15939"},{"taxonomy":"post_tag","embeddable":true,"href":"https:\/\/wgphoto.pl\/t\/index.php?rest_route=%2Fwp%2Fv2%2Ftags&post=15939"}],"curies":[{"name":"wp","href":"https:\/\/api.w.org\/{rel}","templated":true}]}}