{"id":15963,"date":"2025-04-08T16:51:11","date_gmt":"2025-04-08T14:51:11","guid":{"rendered":"https:\/\/wgphoto.pl\/t\/?p=15963"},"modified":"2025-04-08T16:51:11","modified_gmt":"2025-04-08T14:51:11","slug":"typowa-szwecja","status":"publish","type":"post","link":"https:\/\/wgphoto.pl\/t\/?p=15963","title":{"rendered":"Typowa Szwecja"},"content":{"rendered":"\n<figure class=\"wp-block-image aligncenter size-full\"><img loading=\"lazy\" decoding=\"async\" width=\"1200\" height=\"795\" src=\"https:\/\/wgphoto.pl\/t\/wp-content\/uploads\/2025\/04\/IMGP9477.jpg\" alt=\"\" class=\"wp-image-15964\" srcset=\"https:\/\/wgphoto.pl\/t\/wp-content\/uploads\/2025\/04\/IMGP9477.jpg 1200w, https:\/\/wgphoto.pl\/t\/wp-content\/uploads\/2025\/04\/IMGP9477-300x199.jpg 300w, https:\/\/wgphoto.pl\/t\/wp-content\/uploads\/2025\/04\/IMGP9477-768x509.jpg 768w\" sizes=\"auto, (max-width: 1200px) 100vw, 1200px\" \/><\/figure>\n\n\n\n<div class=\"wp-block-group has-global-padding is-layout-constrained wp-block-group-is-layout-constrained\">\n<p>Odcinek Saltsj\u00f6-Duvn\u00e4s &#8211; \u00d6stervik. Poci\u0105g podmiejski pomyka przez las i ska\u0142y ze Sztokholmu do Saltsj\u00f6baden. 20.01.2015<\/p>\n<\/div>\n","protected":false},"excerpt":{"rendered":"<p>Odcinek Saltsj\u00f6-Duvn\u00e4s &#8211; \u00d6stervik. Poci\u0105g podmiejski pomyka przez las i ska\u0142y ze Sztokholmu do Saltsj\u00f6baden. 20.01.2015<\/p>\n","protected":false},"author":1,"featured_media":15964,"comment_status":"open","ping_status":"","sticky":false,"template":"","format":"standard","meta":{"footnotes":""},"categories":[2,104],"tags":[1485,1374,3149,244,682,44,686],"class_list":["post-15963","post","type-post","status-publish","format-standard","has-post-thumbnail","hentry","category-kolej","category-rok-2015","tag-2015-01-20","tag-kolej-podmiejska","tag-saltsjobanan","tag-skaly","tag-sl-stockholm","tag-snieg","tag-sztokholm"],"_links":{"self":[{"href":"https:\/\/wgphoto.pl\/t\/index.php?rest_route=\/wp\/v2\/posts\/15963","targetHints":{"allow":["GET"]}}],"collection":[{"href":"https:\/\/wgphoto.pl\/t\/index.php?rest_route=\/wp\/v2\/posts"}],"about":[{"href":"https:\/\/wgphoto.pl\/t\/index.php?rest_route=\/wp\/v2\/types\/post"}],"author":[{"embeddable":true,"href":"https:\/\/wgphoto.pl\/t\/index.php?rest_route=\/wp\/v2\/users\/1"}],"replies":[{"embeddable":true,"href":"https:\/\/wgphoto.pl\/t\/index.php?rest_route=%2Fwp%2Fv2%2Fcomments&post=15963"}],"version-history":[{"count":1,"href":"https:\/\/wgphoto.pl\/t\/index.php?rest_route=\/wp\/v2\/posts\/15963\/revisions"}],"predecessor-version":[{"id":15965,"href":"https:\/\/wgphoto.pl\/t\/index.php?rest_route=\/wp\/v2\/posts\/15963\/revisions\/15965"}],"wp:featuredmedia":[{"embeddable":true,"href":"https:\/\/wgphoto.pl\/t\/index.php?rest_route=\/wp\/v2\/media\/15964"}],"wp:attachment":[{"href":"https:\/\/wgphoto.pl\/t\/index.php?rest_route=%2Fwp%2Fv2%2Fmedia&parent=15963"}],"wp:term":[{"taxonomy":"category","embeddable":true,"href":"https:\/\/wgphoto.pl\/t\/index.php?rest_route=%2Fwp%2Fv2%2Fcategories&post=15963"},{"taxonomy":"post_tag","embeddable":true,"href":"https:\/\/wgphoto.pl\/t\/index.php?rest_route=%2Fwp%2Fv2%2Ftags&post=15963"}],"curies":[{"name":"wp","href":"https:\/\/api.w.org\/{rel}","templated":true}]}}