{"id":15969,"date":"2025-04-08T19:31:24","date_gmt":"2025-04-08T17:31:24","guid":{"rendered":"https:\/\/wgphoto.pl\/t\/?p=15969"},"modified":"2025-04-08T19:31:24","modified_gmt":"2025-04-08T17:31:24","slug":"200","status":"publish","type":"post","link":"https:\/\/wgphoto.pl\/t\/?p=15969","title":{"rendered":"200"},"content":{"rendered":"\n<figure class=\"wp-block-image aligncenter size-full\"><img loading=\"lazy\" decoding=\"async\" width=\"1200\" height=\"795\" src=\"https:\/\/wgphoto.pl\/t\/wp-content\/uploads\/2025\/04\/IMGP5513.jpg\" alt=\"\" class=\"wp-image-15970\" srcset=\"https:\/\/wgphoto.pl\/t\/wp-content\/uploads\/2025\/04\/IMGP5513.jpg 1200w, https:\/\/wgphoto.pl\/t\/wp-content\/uploads\/2025\/04\/IMGP5513-300x199.jpg 300w, https:\/\/wgphoto.pl\/t\/wp-content\/uploads\/2025\/04\/IMGP5513-768x509.jpg 768w\" sizes=\"auto, (max-width: 1200px) 100vw, 1200px\" \/><\/figure>\n\n\n\n<div class=\"wp-block-group has-global-padding is-layout-constrained wp-block-group-is-layout-constrained\">\n<p>Dwukierunkowa Tatra zatrzyma\u0142a si\u0119 na przystanku pod ratuszem. Jak \u0142atwo wywnioskowa\u0107 z numeru taborowego, by\u0142 to pierwszy wagon tego typu wprowadzony do ruchu w Miszkolcu, lecz jednocze\u015bnie by\u0142 on najm\u0142odszym z ca\u0142ej serii 18 woz\u00f3w KT8 odkupionych w latach 90-tych z pobliskich Koszyc oraz le\u017c\u0105cego na drugim ko\u0144cu Czechos\u0142owacji Mostu. Dwa lata po wykonaniu zdj\u0119cia wagon trafi\u0142 natomiast tam gdzie go wyprodukowano, czyli do Pragi. 19.06.2014<\/p>\n<\/div>\n","protected":false},"excerpt":{"rendered":"<p>Dwukierunkowa Tatra zatrzyma\u0142a si\u0119 na przystanku pod ratuszem. Jak \u0142atwo wywnioskowa\u0107 z numeru taborowego, by\u0142 to pierwszy wagon tego typu wprowadzony do ruchu w Miszkolcu, lecz jednocze\u015bnie by\u0142 on najm\u0142odszym z ca\u0142ej serii 18 woz\u00f3w KT8 odkupionych w latach 90-tych z pobliskich Koszyc oraz le\u017c\u0105cego na drugim ko\u0144cu Czechos\u0142owacji Mostu. Dwa lata po wykonaniu zdj\u0119cia [&hellip;]<\/p>\n","protected":false},"author":1,"featured_media":15970,"comment_status":"open","ping_status":"","sticky":false,"template":"","format":"standard","meta":{"footnotes":""},"categories":[48,3],"tags":[1007,34,1008,1006,1075,105],"class_list":["post-15969","post","type-post","status-publish","format-standard","has-post-thumbnail","hentry","category-rok-2014","category-tramwaj","tag-2014-06-19","tag-architektura","tag-miszkolc","tag-mvk-miskolc","tag-tatra-kt8","tag-wegry"],"_links":{"self":[{"href":"https:\/\/wgphoto.pl\/t\/index.php?rest_route=\/wp\/v2\/posts\/15969","targetHints":{"allow":["GET"]}}],"collection":[{"href":"https:\/\/wgphoto.pl\/t\/index.php?rest_route=\/wp\/v2\/posts"}],"about":[{"href":"https:\/\/wgphoto.pl\/t\/index.php?rest_route=\/wp\/v2\/types\/post"}],"author":[{"embeddable":true,"href":"https:\/\/wgphoto.pl\/t\/index.php?rest_route=\/wp\/v2\/users\/1"}],"replies":[{"embeddable":true,"href":"https:\/\/wgphoto.pl\/t\/index.php?rest_route=%2Fwp%2Fv2%2Fcomments&post=15969"}],"version-history":[{"count":1,"href":"https:\/\/wgphoto.pl\/t\/index.php?rest_route=\/wp\/v2\/posts\/15969\/revisions"}],"predecessor-version":[{"id":15971,"href":"https:\/\/wgphoto.pl\/t\/index.php?rest_route=\/wp\/v2\/posts\/15969\/revisions\/15971"}],"wp:featuredmedia":[{"embeddable":true,"href":"https:\/\/wgphoto.pl\/t\/index.php?rest_route=\/wp\/v2\/media\/15970"}],"wp:attachment":[{"href":"https:\/\/wgphoto.pl\/t\/index.php?rest_route=%2Fwp%2Fv2%2Fmedia&parent=15969"}],"wp:term":[{"taxonomy":"category","embeddable":true,"href":"https:\/\/wgphoto.pl\/t\/index.php?rest_route=%2Fwp%2Fv2%2Fcategories&post=15969"},{"taxonomy":"post_tag","embeddable":true,"href":"https:\/\/wgphoto.pl\/t\/index.php?rest_route=%2Fwp%2Fv2%2Ftags&post=15969"}],"curies":[{"name":"wp","href":"https:\/\/api.w.org\/{rel}","templated":true}]}}