{"id":15972,"date":"2025-04-08T19:32:28","date_gmt":"2025-04-08T17:32:28","guid":{"rendered":"https:\/\/wgphoto.pl\/t\/?p=15972"},"modified":"2025-04-08T19:32:28","modified_gmt":"2025-04-08T17:32:28","slug":"skoda-z-kokarda","status":"publish","type":"post","link":"https:\/\/wgphoto.pl\/t\/?p=15972","title":{"rendered":"\u0160koda z kokard\u0105"},"content":{"rendered":"\n<figure class=\"wp-block-image aligncenter size-full\"><img loading=\"lazy\" decoding=\"async\" width=\"1200\" height=\"675\" src=\"https:\/\/wgphoto.pl\/t\/wp-content\/uploads\/2025\/04\/IMGP8937.jpg\" alt=\"\" class=\"wp-image-15973\" srcset=\"https:\/\/wgphoto.pl\/t\/wp-content\/uploads\/2025\/04\/IMGP8937.jpg 1200w, https:\/\/wgphoto.pl\/t\/wp-content\/uploads\/2025\/04\/IMGP8937-300x169.jpg 300w, https:\/\/wgphoto.pl\/t\/wp-content\/uploads\/2025\/04\/IMGP8937-768x432.jpg 768w\" sizes=\"auto, (max-width: 1200px) 100vw, 1200px\" \/><\/figure>\n\n\n\n<div class=\"wp-block-group has-global-padding is-layout-constrained wp-block-group-is-layout-constrained\">\n<p>Uj\u0119cia ze \u015bwi\u0105tecznymi ozdobami maj\u0105 to do siebie, \u017ce atrakcyjniej prezentuj\u0105 si\u0119 po zmierzchu. Ci\u0119\u017cko jest jednak fotografowa\u0107 pojazdy w ruchu. Wtedy zupe\u0142nie niechc\u0105cy z pomoc\u0105 przychodz\u0105 motorniczowie o bardzo zachowawczym stylu jazdy. \ud83d\ude09 27.12.2014<\/p>\n<\/div>\n","protected":false},"excerpt":{"rendered":"<p>Uj\u0119cia ze \u015bwi\u0105tecznymi ozdobami maj\u0105 to do siebie, \u017ce atrakcyjniej prezentuj\u0105 si\u0119 po zmierzchu. Ci\u0119\u017cko jest jednak fotografowa\u0107 pojazdy w ruchu. Wtedy zupe\u0142nie niechc\u0105cy z pomoc\u0105 przychodz\u0105 motorniczowie o bardzo zachowawczym stylu jazdy. \ud83d\ude09 27.12.2014<\/p>\n","protected":false},"author":1,"featured_media":15973,"comment_status":"open","ping_status":"","sticky":false,"template":"","format":"standard","meta":{"footnotes":""},"categories":[48,3],"tags":[3657,91,42,27,1493,216,1491,90,41],"class_list":["post-15972","post","type-post","status-publish","format-standard","has-post-thumbnail","hentry","category-rok-2014","category-tramwaj","tag-2014-12-27","tag-blue-hour","tag-mpk-wroclaw","tag-polska","tag-skoda-19t","tag-skoda-elektra","tag-swiateczne-akcenty","tag-wieczorem","tag-wroclaw"],"_links":{"self":[{"href":"https:\/\/wgphoto.pl\/t\/index.php?rest_route=\/wp\/v2\/posts\/15972","targetHints":{"allow":["GET"]}}],"collection":[{"href":"https:\/\/wgphoto.pl\/t\/index.php?rest_route=\/wp\/v2\/posts"}],"about":[{"href":"https:\/\/wgphoto.pl\/t\/index.php?rest_route=\/wp\/v2\/types\/post"}],"author":[{"embeddable":true,"href":"https:\/\/wgphoto.pl\/t\/index.php?rest_route=\/wp\/v2\/users\/1"}],"replies":[{"embeddable":true,"href":"https:\/\/wgphoto.pl\/t\/index.php?rest_route=%2Fwp%2Fv2%2Fcomments&post=15972"}],"version-history":[{"count":1,"href":"https:\/\/wgphoto.pl\/t\/index.php?rest_route=\/wp\/v2\/posts\/15972\/revisions"}],"predecessor-version":[{"id":15974,"href":"https:\/\/wgphoto.pl\/t\/index.php?rest_route=\/wp\/v2\/posts\/15972\/revisions\/15974"}],"wp:featuredmedia":[{"embeddable":true,"href":"https:\/\/wgphoto.pl\/t\/index.php?rest_route=\/wp\/v2\/media\/15973"}],"wp:attachment":[{"href":"https:\/\/wgphoto.pl\/t\/index.php?rest_route=%2Fwp%2Fv2%2Fmedia&parent=15972"}],"wp:term":[{"taxonomy":"category","embeddable":true,"href":"https:\/\/wgphoto.pl\/t\/index.php?rest_route=%2Fwp%2Fv2%2Fcategories&post=15972"},{"taxonomy":"post_tag","embeddable":true,"href":"https:\/\/wgphoto.pl\/t\/index.php?rest_route=%2Fwp%2Fv2%2Ftags&post=15972"}],"curies":[{"name":"wp","href":"https:\/\/api.w.org\/{rel}","templated":true}]}}