{"id":15978,"date":"2025-04-08T19:34:36","date_gmt":"2025-04-08T17:34:36","guid":{"rendered":"https:\/\/wgphoto.pl\/t\/?p=15978"},"modified":"2025-04-08T19:34:36","modified_gmt":"2025-04-08T17:34:36","slug":"takt-24-godzinny","status":"publish","type":"post","link":"https:\/\/wgphoto.pl\/t\/?p=15978","title":{"rendered":"Takt 24-godzinny"},"content":{"rendered":"\n<figure class=\"wp-block-image aligncenter size-full\"><img loading=\"lazy\" decoding=\"async\" width=\"1200\" height=\"675\" src=\"https:\/\/wgphoto.pl\/t\/wp-content\/uploads\/2025\/04\/IMGP9504.jpg\" alt=\"\" class=\"wp-image-15979\" srcset=\"https:\/\/wgphoto.pl\/t\/wp-content\/uploads\/2025\/04\/IMGP9504.jpg 1200w, https:\/\/wgphoto.pl\/t\/wp-content\/uploads\/2025\/04\/IMGP9504-300x169.jpg 300w, https:\/\/wgphoto.pl\/t\/wp-content\/uploads\/2025\/04\/IMGP9504-768x432.jpg 768w\" sizes=\"auto, (max-width: 1200px) 100vw, 1200px\" \/><\/figure>\n\n\n\n<div class=\"wp-block-group has-global-padding is-layout-constrained wp-block-group-is-layout-constrained\">\n<p>Regionova 814.046 przyby\u0142a do Hranic v \u010cech\u00e1ch jako jedyny w ci\u0105gu doby poci\u0105g 17214 z Chebu i za par\u0119 minut (st\u0105d tylko jedno, kiepskie uj\u0119cie) odjedzie w drog\u0119 powrotn\u0105. Od wielu ju\u017c lat na odcinku A\u0161 m\u011bsto &#8211; Hranice v \u010c. kursuje tylko jedna para poci\u0105g\u00f3w dziennie. Nie mam poj\u0119cia, komu to ma s\u0142u\u017cy\u0107, ale poci\u0105giem ze zdj\u0119cia nawet par\u0119 os\u00f3b jecha\u0142o. Do stacji ko\u0144cowej dotar\u0142y ze trzy, z czego jedna &#8222;normalna&#8221; (go\u015b\u0107 widoczny na zdj\u0119ciu te\u017c jakie\u015b foty pstryka\u0142 i od razu wr\u00f3ci\u0142 poci\u0105giem). Na takie funkcjonowanie linii pozwalaj\u0105 zapewne wsp\u00f3lne bilety i uzupe\u0142niaj\u0105ca si\u0119 oferta kolejowo-autobusowa w ramach zwi\u0105zku komunikacyjnego kraju karlovarskiego.<br>Linia kolejowa ko\u0144czy si\u0119 w tym miejscu od 1945 roku, przeci\u0119ta granic\u0105 pa\u0144stwow\u0105. Wcze\u015bniej prowadzi\u0142a do Adorfu. 09.09.2009<\/p>\n<\/div>\n","protected":false},"excerpt":{"rendered":"<p>Regionova 814.046 przyby\u0142a do Hranic v \u010cech\u00e1ch jako jedyny w ci\u0105gu doby poci\u0105g 17214 z Chebu i za par\u0119 minut (st\u0105d tylko jedno, kiepskie uj\u0119cie) odjedzie w drog\u0119 powrotn\u0105. Od wielu ju\u017c lat na odcinku A\u0161 m\u011bsto &#8211; Hranice v \u010c. kursuje tylko jedna para poci\u0105g\u00f3w dziennie. Nie mam poj\u0119cia, komu to ma s\u0142u\u017cy\u0107, ale [&hellip;]<\/p>\n","protected":false},"author":1,"featured_media":15979,"comment_status":"open","ping_status":"","sticky":false,"template":"","format":"standard","meta":{"footnotes":""},"categories":[2,169],"tags":[419,211,49,3658,94,739],"class_list":["post-15978","post","type-post","status-publish","format-standard","has-post-thumbnail","hentry","category-kolej","category-rok-2009","tag-2009-09-09","tag-211","tag-czechy","tag-hranice-v-cechach","tag-na-kolejowym-koncu-swiata","tag-tab-cz148"],"_links":{"self":[{"href":"https:\/\/wgphoto.pl\/t\/index.php?rest_route=\/wp\/v2\/posts\/15978","targetHints":{"allow":["GET"]}}],"collection":[{"href":"https:\/\/wgphoto.pl\/t\/index.php?rest_route=\/wp\/v2\/posts"}],"about":[{"href":"https:\/\/wgphoto.pl\/t\/index.php?rest_route=\/wp\/v2\/types\/post"}],"author":[{"embeddable":true,"href":"https:\/\/wgphoto.pl\/t\/index.php?rest_route=\/wp\/v2\/users\/1"}],"replies":[{"embeddable":true,"href":"https:\/\/wgphoto.pl\/t\/index.php?rest_route=%2Fwp%2Fv2%2Fcomments&post=15978"}],"version-history":[{"count":1,"href":"https:\/\/wgphoto.pl\/t\/index.php?rest_route=\/wp\/v2\/posts\/15978\/revisions"}],"predecessor-version":[{"id":15980,"href":"https:\/\/wgphoto.pl\/t\/index.php?rest_route=\/wp\/v2\/posts\/15978\/revisions\/15980"}],"wp:featuredmedia":[{"embeddable":true,"href":"https:\/\/wgphoto.pl\/t\/index.php?rest_route=\/wp\/v2\/media\/15979"}],"wp:attachment":[{"href":"https:\/\/wgphoto.pl\/t\/index.php?rest_route=%2Fwp%2Fv2%2Fmedia&parent=15978"}],"wp:term":[{"taxonomy":"category","embeddable":true,"href":"https:\/\/wgphoto.pl\/t\/index.php?rest_route=%2Fwp%2Fv2%2Fcategories&post=15978"},{"taxonomy":"post_tag","embeddable":true,"href":"https:\/\/wgphoto.pl\/t\/index.php?rest_route=%2Fwp%2Fv2%2Ftags&post=15978"}],"curies":[{"name":"wp","href":"https:\/\/api.w.org\/{rel}","templated":true}]}}