{"id":15990,"date":"2025-04-08T19:38:18","date_gmt":"2025-04-08T17:38:18","guid":{"rendered":"https:\/\/wgphoto.pl\/t\/?p=15990"},"modified":"2025-04-08T19:38:18","modified_gmt":"2025-04-08T17:38:18","slug":"jadwiga-jedzie-na-euro","status":"publish","type":"post","link":"https:\/\/wgphoto.pl\/t\/?p=15990","title":{"rendered":"Jadwiga jedzie na Euro"},"content":{"rendered":"\n<figure class=\"wp-block-image aligncenter size-full\"><img loading=\"lazy\" decoding=\"async\" width=\"1200\" height=\"803\" src=\"https:\/\/wgphoto.pl\/t\/wp-content\/uploads\/2025\/04\/IMGP1964.jpg\" alt=\"\" class=\"wp-image-15991\" srcset=\"https:\/\/wgphoto.pl\/t\/wp-content\/uploads\/2025\/04\/IMGP1964.jpg 1200w, https:\/\/wgphoto.pl\/t\/wp-content\/uploads\/2025\/04\/IMGP1964-300x201.jpg 300w, https:\/\/wgphoto.pl\/t\/wp-content\/uploads\/2025\/04\/IMGP1964-768x514.jpg 768w\" sizes=\"auto, (max-width: 1200px) 100vw, 1200px\" \/><\/figure>\n\n\n\n<div class=\"wp-block-group has-global-padding is-layout-constrained wp-block-group-is-layout-constrained\">\n<p>Poci\u0105g osobowy z Poznania G\u0142. do Wroc\u0142awia G\u0142. rusza po kr\u00f3tkim postoju ze stacji Wroc\u0142aw Osobowice. Pi\u0142karski turniej ju\u017c dawno min\u0105\u0142, a maszyna 163 048-2 wci\u0105\u017c wozi\u0142a na sobie oklein\u0119 Vlakem na Euro. 22.02.2013<\/p>\n<\/div>\n","protected":false},"excerpt":{"rendered":"<p>Poci\u0105g osobowy z Poznania G\u0142. do Wroc\u0142awia G\u0142. rusza po kr\u00f3tkim postoju ze stacji Wroc\u0142aw Osobowice. Pi\u0142karski turniej ju\u017c dawno min\u0105\u0142, a maszyna 163 048-2 wci\u0105\u017c wozi\u0142a na sobie oklein\u0119 Vlakem na Euro. 22.02.2013<\/p>\n","protected":false},"author":1,"featured_media":15991,"comment_status":"open","ping_status":"","sticky":false,"template":"","format":"standard","meta":{"footnotes":""},"categories":[2,55],"tags":[1401,3660,283,50,249,27,1502,44,190,41,191],"class_list":["post-15990","post","type-post","status-publish","format-standard","has-post-thumbnail","hentry","category-kolej","category-rok-2013","tag-1401","tag-2013-02-22","tag-bdhpmnu","tag-cd","tag-goscinne-wystepy","tag-polska","tag-przewozy-regionalne","tag-snieg","tag-tab-pl330","tag-wroclaw","tag-wroclaw-osobowice"],"_links":{"self":[{"href":"https:\/\/wgphoto.pl\/t\/index.php?rest_route=\/wp\/v2\/posts\/15990","targetHints":{"allow":["GET"]}}],"collection":[{"href":"https:\/\/wgphoto.pl\/t\/index.php?rest_route=\/wp\/v2\/posts"}],"about":[{"href":"https:\/\/wgphoto.pl\/t\/index.php?rest_route=\/wp\/v2\/types\/post"}],"author":[{"embeddable":true,"href":"https:\/\/wgphoto.pl\/t\/index.php?rest_route=\/wp\/v2\/users\/1"}],"replies":[{"embeddable":true,"href":"https:\/\/wgphoto.pl\/t\/index.php?rest_route=%2Fwp%2Fv2%2Fcomments&post=15990"}],"version-history":[{"count":1,"href":"https:\/\/wgphoto.pl\/t\/index.php?rest_route=\/wp\/v2\/posts\/15990\/revisions"}],"predecessor-version":[{"id":15992,"href":"https:\/\/wgphoto.pl\/t\/index.php?rest_route=\/wp\/v2\/posts\/15990\/revisions\/15992"}],"wp:featuredmedia":[{"embeddable":true,"href":"https:\/\/wgphoto.pl\/t\/index.php?rest_route=\/wp\/v2\/media\/15991"}],"wp:attachment":[{"href":"https:\/\/wgphoto.pl\/t\/index.php?rest_route=%2Fwp%2Fv2%2Fmedia&parent=15990"}],"wp:term":[{"taxonomy":"category","embeddable":true,"href":"https:\/\/wgphoto.pl\/t\/index.php?rest_route=%2Fwp%2Fv2%2Fcategories&post=15990"},{"taxonomy":"post_tag","embeddable":true,"href":"https:\/\/wgphoto.pl\/t\/index.php?rest_route=%2Fwp%2Fv2%2Ftags&post=15990"}],"curies":[{"name":"wp","href":"https:\/\/api.w.org\/{rel}","templated":true}]}}