{"id":15993,"date":"2025-04-08T19:39:24","date_gmt":"2025-04-08T17:39:24","guid":{"rendered":"https:\/\/wgphoto.pl\/t\/?p=15993"},"modified":"2025-04-08T19:39:24","modified_gmt":"2025-04-08T17:39:24","slug":"e2c5-43181487","status":"publish","type":"post","link":"https:\/\/wgphoto.pl\/t\/?p=15993","title":{"rendered":"E2+c5 4318+1487"},"content":{"rendered":"\n<figure class=\"wp-block-image aligncenter size-full\"><img loading=\"lazy\" decoding=\"async\" width=\"1200\" height=\"803\" src=\"https:\/\/wgphoto.pl\/t\/wp-content\/uploads\/2025\/04\/IMGP1061.jpg\" alt=\"\" class=\"wp-image-15994\" srcset=\"https:\/\/wgphoto.pl\/t\/wp-content\/uploads\/2025\/04\/IMGP1061.jpg 1200w, https:\/\/wgphoto.pl\/t\/wp-content\/uploads\/2025\/04\/IMGP1061-300x201.jpg 300w, https:\/\/wgphoto.pl\/t\/wp-content\/uploads\/2025\/04\/IMGP1061-768x514.jpg 768w\" sizes=\"auto, (max-width: 1200px) 100vw, 1200px\" \/><\/figure>\n\n\n\n<div class=\"wp-block-group has-global-padding is-layout-constrained wp-block-group-is-layout-constrained\">\n<p>Wiede\u0144, Mariahilfer G\u00fcrtel. Jeden z najm\u0142odszych wysokopod\u0142ogowych sk\u0142ad\u00f3w typu E<sub>2<\/sub>+c<sub>5<\/sub> (z rocznik\u00f3w 1989 i 1987; produkcja do 1990) zatrzymuje si\u0119 na przystanku przy widocznej po lewej stronie stacji metra. Nad okolic\u0105 g\u00f3ruje monumentalny ko\u015bci\u00f3\u0142 pod nieprzet\u0142umaczalnym dla mnie wezwaniem Maria vom Siege. 2009-12-13<\/p>\n<\/div>\n","protected":false},"excerpt":{"rendered":"<p>Wiede\u0144, Mariahilfer G\u00fcrtel. Jeden z najm\u0142odszych wysokopod\u0142ogowych sk\u0142ad\u00f3w typu E2+c5 (z rocznik\u00f3w 1989 i 1987; produkcja do 1990) zatrzymuje si\u0119 na przystanku przy widocznej po lewej stronie stacji metra. Nad okolic\u0105 g\u00f3ruje monumentalny ko\u015bci\u00f3\u0142 pod nieprzet\u0142umaczalnym dla mnie wezwaniem Maria vom Siege. 2009-12-13<\/p>\n","protected":false},"author":1,"featured_media":15994,"comment_status":"open","ping_status":"","sticky":false,"template":"","format":"standard","meta":{"footnotes":""},"categories":[169,3],"tags":[272,34,9,581,101,97,98],"class_list":["post-15993","post","type-post","status-publish","format-standard","has-post-thumbnail","hentry","category-rok-2009","category-tramwaj","tag-2009-12-13","tag-architektura","tag-austria","tag-e2","tag-gt6","tag-wieden","tag-wiener-linien"],"_links":{"self":[{"href":"https:\/\/wgphoto.pl\/t\/index.php?rest_route=\/wp\/v2\/posts\/15993","targetHints":{"allow":["GET"]}}],"collection":[{"href":"https:\/\/wgphoto.pl\/t\/index.php?rest_route=\/wp\/v2\/posts"}],"about":[{"href":"https:\/\/wgphoto.pl\/t\/index.php?rest_route=\/wp\/v2\/types\/post"}],"author":[{"embeddable":true,"href":"https:\/\/wgphoto.pl\/t\/index.php?rest_route=\/wp\/v2\/users\/1"}],"replies":[{"embeddable":true,"href":"https:\/\/wgphoto.pl\/t\/index.php?rest_route=%2Fwp%2Fv2%2Fcomments&post=15993"}],"version-history":[{"count":1,"href":"https:\/\/wgphoto.pl\/t\/index.php?rest_route=\/wp\/v2\/posts\/15993\/revisions"}],"predecessor-version":[{"id":15995,"href":"https:\/\/wgphoto.pl\/t\/index.php?rest_route=\/wp\/v2\/posts\/15993\/revisions\/15995"}],"wp:featuredmedia":[{"embeddable":true,"href":"https:\/\/wgphoto.pl\/t\/index.php?rest_route=\/wp\/v2\/media\/15994"}],"wp:attachment":[{"href":"https:\/\/wgphoto.pl\/t\/index.php?rest_route=%2Fwp%2Fv2%2Fmedia&parent=15993"}],"wp:term":[{"taxonomy":"category","embeddable":true,"href":"https:\/\/wgphoto.pl\/t\/index.php?rest_route=%2Fwp%2Fv2%2Fcategories&post=15993"},{"taxonomy":"post_tag","embeddable":true,"href":"https:\/\/wgphoto.pl\/t\/index.php?rest_route=%2Fwp%2Fv2%2Ftags&post=15993"}],"curies":[{"name":"wp","href":"https:\/\/api.w.org\/{rel}","templated":true}]}}