{"id":15997,"date":"2025-04-09T21:58:17","date_gmt":"2025-04-09T19:58:17","guid":{"rendered":"https:\/\/wgphoto.pl\/t\/?p=15997"},"modified":"2025-04-09T21:58:17","modified_gmt":"2025-04-09T19:58:17","slug":"duzo-zoltego","status":"publish","type":"post","link":"https:\/\/wgphoto.pl\/t\/?p=15997","title":{"rendered":"Du\u017co \u017c\u00f3\u0142tego"},"content":{"rendered":"\n<figure class=\"wp-block-image aligncenter size-full\"><img loading=\"lazy\" decoding=\"async\" width=\"600\" height=\"900\" src=\"https:\/\/wgphoto.pl\/t\/wp-content\/uploads\/2025\/04\/0627-02.jpg\" alt=\"\" class=\"wp-image-15998\" srcset=\"https:\/\/wgphoto.pl\/t\/wp-content\/uploads\/2025\/04\/0627-02.jpg 600w, https:\/\/wgphoto.pl\/t\/wp-content\/uploads\/2025\/04\/0627-02-200x300.jpg 200w\" sizes=\"auto, (max-width: 600px) 100vw, 600px\" \/><\/figure>\n\n\n\n<div class=\"wp-block-group has-global-padding is-layout-constrained wp-block-group-is-layout-constrained\">\n<p>Osobowy z Wroc\u0142awia do Jeleniej G\u00f3ry mija sk\u0105pany w barwach jesieni Wa\u0142brzych &#8211; mimo \u017ce miasta zbyt wiele tutaj nie wida\u0107. 28.10.2006<\/p>\n<\/div>\n","protected":false},"excerpt":{"rendered":"<p>Osobowy z Wroc\u0142awia do Jeleniej G\u00f3ry mija sk\u0105pany w barwach jesieni Wa\u0142brzych &#8211; mimo \u017ce miasta zbyt wiele tutaj nie wida\u0107. 28.10.2006<\/p>\n","protected":false},"author":1,"featured_media":15998,"comment_status":"open","ping_status":"","sticky":false,"template":"","format":"standard","meta":{"footnotes":""},"categories":[62,2,128,130],"tags":[2836,132,114,126,113,63,27,200,1878,1101],"class_list":["post-15997","post","type-post","status-publish","format-standard","has-post-thumbnail","hentry","category-analog","category-kolej","category-pionowe","category-rok-2006","tag-2006-10-28","tag-en57","tag-gory","tag-jesien","tag-landszaft","tag-pkp","tag-polska","tag-tab-pl240","tag-walbrzych-fabryczny","tag-walbrzych-glowny"],"_links":{"self":[{"href":"https:\/\/wgphoto.pl\/t\/index.php?rest_route=\/wp\/v2\/posts\/15997","targetHints":{"allow":["GET"]}}],"collection":[{"href":"https:\/\/wgphoto.pl\/t\/index.php?rest_route=\/wp\/v2\/posts"}],"about":[{"href":"https:\/\/wgphoto.pl\/t\/index.php?rest_route=\/wp\/v2\/types\/post"}],"author":[{"embeddable":true,"href":"https:\/\/wgphoto.pl\/t\/index.php?rest_route=\/wp\/v2\/users\/1"}],"replies":[{"embeddable":true,"href":"https:\/\/wgphoto.pl\/t\/index.php?rest_route=%2Fwp%2Fv2%2Fcomments&post=15997"}],"version-history":[{"count":1,"href":"https:\/\/wgphoto.pl\/t\/index.php?rest_route=\/wp\/v2\/posts\/15997\/revisions"}],"predecessor-version":[{"id":15999,"href":"https:\/\/wgphoto.pl\/t\/index.php?rest_route=\/wp\/v2\/posts\/15997\/revisions\/15999"}],"wp:featuredmedia":[{"embeddable":true,"href":"https:\/\/wgphoto.pl\/t\/index.php?rest_route=\/wp\/v2\/media\/15998"}],"wp:attachment":[{"href":"https:\/\/wgphoto.pl\/t\/index.php?rest_route=%2Fwp%2Fv2%2Fmedia&parent=15997"}],"wp:term":[{"taxonomy":"category","embeddable":true,"href":"https:\/\/wgphoto.pl\/t\/index.php?rest_route=%2Fwp%2Fv2%2Fcategories&post=15997"},{"taxonomy":"post_tag","embeddable":true,"href":"https:\/\/wgphoto.pl\/t\/index.php?rest_route=%2Fwp%2Fv2%2Ftags&post=15997"}],"curies":[{"name":"wp","href":"https:\/\/api.w.org\/{rel}","templated":true}]}}