{"id":16000,"date":"2025-04-09T21:59:09","date_gmt":"2025-04-09T19:59:09","guid":{"rendered":"https:\/\/wgphoto.pl\/t\/?p=16000"},"modified":"2025-04-09T21:59:09","modified_gmt":"2025-04-09T19:59:09","slug":"122133","status":"publish","type":"post","link":"https:\/\/wgphoto.pl\/t\/?p=16000","title":{"rendered":"12+21=33"},"content":{"rendered":"\n<figure class=\"wp-block-image aligncenter size-full\"><img loading=\"lazy\" decoding=\"async\" width=\"1200\" height=\"803\" src=\"https:\/\/wgphoto.pl\/t\/wp-content\/uploads\/2025\/04\/IMGP5522.jpg\" alt=\"\" class=\"wp-image-16001\" srcset=\"https:\/\/wgphoto.pl\/t\/wp-content\/uploads\/2025\/04\/IMGP5522.jpg 1200w, https:\/\/wgphoto.pl\/t\/wp-content\/uploads\/2025\/04\/IMGP5522-300x201.jpg 300w, https:\/\/wgphoto.pl\/t\/wp-content\/uploads\/2025\/04\/IMGP5522-768x514.jpg 768w\" sizes=\"auto, (max-width: 1200px) 100vw, 1200px\" \/><\/figure>\n\n\n\n<div class=\"wp-block-group has-global-padding is-layout-constrained wp-block-group-is-layout-constrained\">\n<p>Zajezdnia Borek mia\u0142a zazwyczaj w tamtym okresie jedn\u0105 brygad\u0119 na linii 12. Planowo by\u0142 na ni\u0105 wystawiany sk\u0142ad stopi\u0105tek (tym wi\u0119ksze zaskoczenie, \u017ce do zdj\u0119cia przyjecha\u0142 akurat przegub), dostawa\u0142em t\u0119 brygad\u0119 dosy\u0107 cz\u0119sto i bardzo j\u0105 lubi\u0142em, bo 12 to dobra linia by\u0142a. Od kilku miesi\u0119cy dok\u0142adnie na tej samej trasie kursuje linia 33, kt\u00f3ra w 2011 roku zast\u0105pi\u0142a dwunastk\u0119 (opis ze stycznia 2018). 28.04.2009<\/p>\n<\/div>\n","protected":false},"excerpt":{"rendered":"<p>Zajezdnia Borek mia\u0142a zazwyczaj w tamtym okresie jedn\u0105 brygad\u0119 na linii 12. Planowo by\u0142 na ni\u0105 wystawiany sk\u0142ad stopi\u0105tek (tym wi\u0119ksze zaskoczenie, \u017ce do zdj\u0119cia przyjecha\u0142 akurat przegub), dostawa\u0142em t\u0119 brygad\u0119 dosy\u0107 cz\u0119sto i bardzo j\u0105 lubi\u0142em, bo 12 to dobra linia by\u0142a. Od kilku miesi\u0119cy dok\u0142adnie na tej samej trasie kursuje linia 33, kt\u00f3ra [&hellip;]<\/p>\n","protected":false},"author":1,"featured_media":16001,"comment_status":"open","ping_status":"","sticky":false,"template":"","format":"standard","meta":{"footnotes":""},"categories":[169,3],"tags":[3662,309,42,27,41],"class_list":["post-16000","post","type-post","status-publish","format-standard","has-post-thumbnail","hentry","category-rok-2009","category-tramwaj","tag-2009-04-28","tag-konstal-102na","tag-mpk-wroclaw","tag-polska","tag-wroclaw"],"_links":{"self":[{"href":"https:\/\/wgphoto.pl\/t\/index.php?rest_route=\/wp\/v2\/posts\/16000","targetHints":{"allow":["GET"]}}],"collection":[{"href":"https:\/\/wgphoto.pl\/t\/index.php?rest_route=\/wp\/v2\/posts"}],"about":[{"href":"https:\/\/wgphoto.pl\/t\/index.php?rest_route=\/wp\/v2\/types\/post"}],"author":[{"embeddable":true,"href":"https:\/\/wgphoto.pl\/t\/index.php?rest_route=\/wp\/v2\/users\/1"}],"replies":[{"embeddable":true,"href":"https:\/\/wgphoto.pl\/t\/index.php?rest_route=%2Fwp%2Fv2%2Fcomments&post=16000"}],"version-history":[{"count":1,"href":"https:\/\/wgphoto.pl\/t\/index.php?rest_route=\/wp\/v2\/posts\/16000\/revisions"}],"predecessor-version":[{"id":16002,"href":"https:\/\/wgphoto.pl\/t\/index.php?rest_route=\/wp\/v2\/posts\/16000\/revisions\/16002"}],"wp:featuredmedia":[{"embeddable":true,"href":"https:\/\/wgphoto.pl\/t\/index.php?rest_route=\/wp\/v2\/media\/16001"}],"wp:attachment":[{"href":"https:\/\/wgphoto.pl\/t\/index.php?rest_route=%2Fwp%2Fv2%2Fmedia&parent=16000"}],"wp:term":[{"taxonomy":"category","embeddable":true,"href":"https:\/\/wgphoto.pl\/t\/index.php?rest_route=%2Fwp%2Fv2%2Fcategories&post=16000"},{"taxonomy":"post_tag","embeddable":true,"href":"https:\/\/wgphoto.pl\/t\/index.php?rest_route=%2Fwp%2Fv2%2Ftags&post=16000"}],"curies":[{"name":"wp","href":"https:\/\/api.w.org\/{rel}","templated":true}]}}