{"id":16006,"date":"2025-04-09T22:01:00","date_gmt":"2025-04-09T20:01:00","guid":{"rendered":"https:\/\/wgphoto.pl\/t\/?p=16006"},"modified":"2025-04-09T22:01:00","modified_gmt":"2025-04-09T20:01:00","slug":"tramwaj-z-widokiem-na-gory","status":"publish","type":"post","link":"https:\/\/wgphoto.pl\/t\/?p=16006","title":{"rendered":"Tramwaj z widokiem na g\u00f3ry"},"content":{"rendered":"\n<figure class=\"wp-block-image aligncenter size-full\"><img loading=\"lazy\" decoding=\"async\" width=\"1200\" height=\"795\" src=\"https:\/\/wgphoto.pl\/t\/wp-content\/uploads\/2025\/04\/IMGP0524.jpg\" alt=\"\" class=\"wp-image-16007\" srcset=\"https:\/\/wgphoto.pl\/t\/wp-content\/uploads\/2025\/04\/IMGP0524.jpg 1200w, https:\/\/wgphoto.pl\/t\/wp-content\/uploads\/2025\/04\/IMGP0524-300x199.jpg 300w, https:\/\/wgphoto.pl\/t\/wp-content\/uploads\/2025\/04\/IMGP0524-768x509.jpg 768w\" sizes=\"auto, (max-width: 1200px) 100vw, 1200px\" \/><\/figure>\n\n\n\n<div class=\"wp-block-group has-global-padding is-layout-constrained wp-block-group-is-layout-constrained\">\n<p>Santa Cruz de Tenerife, Calle Pedro Su\u00e1rez Hern\u00e1ndez. S\u0142upoza tam miejscami straszna, ale t\u0142o przepi\u0119kne. 06.11.2013<\/p>\n<\/div>\n","protected":false},"excerpt":{"rendered":"<p>Santa Cruz de Tenerife, Calle Pedro Su\u00e1rez Hern\u00e1ndez. S\u0142upoza tam miejscami straszna, ale t\u0142o przepi\u0119kne. 06.11.2013<\/p>\n","protected":false},"author":1,"featured_media":16007,"comment_status":"open","ping_status":"","sticky":false,"template":"","format":"standard","meta":{"footnotes":""},"categories":[55,3],"tags":[174,170,114,159,171,172],"class_list":["post-16006","post","type-post","status-publish","format-standard","has-post-thumbnail","hentry","category-rok-2013","category-tramwaj","tag-2013-11-06","tag-alstom-citadis302","tag-gory","tag-hiszpania","tag-metropolitano-de-tenerife","tag-santa-cruz-de-tenerife"],"_links":{"self":[{"href":"https:\/\/wgphoto.pl\/t\/index.php?rest_route=\/wp\/v2\/posts\/16006","targetHints":{"allow":["GET"]}}],"collection":[{"href":"https:\/\/wgphoto.pl\/t\/index.php?rest_route=\/wp\/v2\/posts"}],"about":[{"href":"https:\/\/wgphoto.pl\/t\/index.php?rest_route=\/wp\/v2\/types\/post"}],"author":[{"embeddable":true,"href":"https:\/\/wgphoto.pl\/t\/index.php?rest_route=\/wp\/v2\/users\/1"}],"replies":[{"embeddable":true,"href":"https:\/\/wgphoto.pl\/t\/index.php?rest_route=%2Fwp%2Fv2%2Fcomments&post=16006"}],"version-history":[{"count":1,"href":"https:\/\/wgphoto.pl\/t\/index.php?rest_route=\/wp\/v2\/posts\/16006\/revisions"}],"predecessor-version":[{"id":16008,"href":"https:\/\/wgphoto.pl\/t\/index.php?rest_route=\/wp\/v2\/posts\/16006\/revisions\/16008"}],"wp:featuredmedia":[{"embeddable":true,"href":"https:\/\/wgphoto.pl\/t\/index.php?rest_route=\/wp\/v2\/media\/16007"}],"wp:attachment":[{"href":"https:\/\/wgphoto.pl\/t\/index.php?rest_route=%2Fwp%2Fv2%2Fmedia&parent=16006"}],"wp:term":[{"taxonomy":"category","embeddable":true,"href":"https:\/\/wgphoto.pl\/t\/index.php?rest_route=%2Fwp%2Fv2%2Fcategories&post=16006"},{"taxonomy":"post_tag","embeddable":true,"href":"https:\/\/wgphoto.pl\/t\/index.php?rest_route=%2Fwp%2Fv2%2Ftags&post=16006"}],"curies":[{"name":"wp","href":"https:\/\/api.w.org\/{rel}","templated":true}]}}