{"id":16009,"date":"2025-04-09T22:02:13","date_gmt":"2025-04-09T20:02:13","guid":{"rendered":"https:\/\/wgphoto.pl\/t\/?p=16009"},"modified":"2025-12-21T20:25:39","modified_gmt":"2025-12-21T19:25:39","slug":"wieczor-na-zajezdni","status":"publish","type":"post","link":"https:\/\/wgphoto.pl\/t\/?p=16009","title":{"rendered":"Wiecz\u00f3r na zajezdni"},"content":{"rendered":"\n<figure class=\"wp-block-image aligncenter size-full\"><img loading=\"lazy\" decoding=\"async\" width=\"1200\" height=\"795\" src=\"https:\/\/wgphoto.pl\/t\/wp-content\/uploads\/2025\/04\/IMGP0086.jpg\" alt=\"\" class=\"wp-image-16010\" srcset=\"https:\/\/wgphoto.pl\/t\/wp-content\/uploads\/2025\/04\/IMGP0086.jpg 1200w, https:\/\/wgphoto.pl\/t\/wp-content\/uploads\/2025\/04\/IMGP0086-300x199.jpg 300w, https:\/\/wgphoto.pl\/t\/wp-content\/uploads\/2025\/04\/IMGP0086-768x509.jpg 768w\" sizes=\"auto, (max-width: 1200px) 100vw, 1200px\" \/><\/figure>\n\n\n\n<div class=\"wp-block-group has-global-padding is-layout-constrained wp-block-group-is-layout-constrained\">\n<p>Preteksty do wyj\u0119cia aparatu by\u0142 dwa: trzy r\u00f3\u017cne wagony obok siebie oraz ciep\u0142e \u015bwiat\u0142o na placu kontrastuj\u0105ce z zimnym niczym w prosektorium \u015bwiat\u0142em wewn\u0105trz hali. A gdyby kto\u015b podszed\u0142 i popatrzy\u0142, powiedzia\u0142by pewnie: no, tramwaje stoj\u0105, i co z tego? Jak si\u0119 okazuje, mo\u017cna dostrzec co\u015b ciekawego nawet w takiej codziennej scenie, nawet po p\u00f3\u0142nocy i po 10 godzinach pracy. \ud83d\ude09 02.04.2017<\/p>\n<\/div>\n","protected":false},"excerpt":{"rendered":"<p>Preteksty do wyj\u0119cia aparatu by\u0142 dwa: trzy r\u00f3\u017cne wagony obok siebie oraz ciep\u0142e \u015bwiat\u0142o na placu kontrastuj\u0105ce z zimnym niczym w prosektorium \u015bwiat\u0142em wewn\u0105trz hali. A gdyby kto\u015b podszed\u0142 i popatrzy\u0142, powiedzia\u0142by pewnie: no, tramwaje stoj\u0105, i co z tego? Jak si\u0119 okazuje, mo\u017cna dostrzec co\u015b ciekawego nawet w takiej codziennej scenie, nawet po p\u00f3\u0142nocy [&hellip;]<\/p>\n","protected":false},"author":1,"featured_media":16010,"comment_status":"open","ping_status":"","sticky":false,"template":"","format":"standard","meta":{"footnotes":""},"categories":[368,3],"tags":[155,43,3557,4603,501,42,154,27,439,41,138],"class_list":["post-16009","post","type-post","status-publish","format-standard","has-post-thumbnail","hentry","category-rok-2017","category-tramwaj","tag-105na","tag-105nwr","tag-2017-04-02","tag-mf19ac","tag-moderus-beta","tag-mpk-wroclaw","tag-noc","tag-polska","tag-we-fabryce","tag-wroclaw","tag-zajezdnia"],"_links":{"self":[{"href":"https:\/\/wgphoto.pl\/t\/index.php?rest_route=\/wp\/v2\/posts\/16009","targetHints":{"allow":["GET"]}}],"collection":[{"href":"https:\/\/wgphoto.pl\/t\/index.php?rest_route=\/wp\/v2\/posts"}],"about":[{"href":"https:\/\/wgphoto.pl\/t\/index.php?rest_route=\/wp\/v2\/types\/post"}],"author":[{"embeddable":true,"href":"https:\/\/wgphoto.pl\/t\/index.php?rest_route=\/wp\/v2\/users\/1"}],"replies":[{"embeddable":true,"href":"https:\/\/wgphoto.pl\/t\/index.php?rest_route=%2Fwp%2Fv2%2Fcomments&post=16009"}],"version-history":[{"count":1,"href":"https:\/\/wgphoto.pl\/t\/index.php?rest_route=\/wp\/v2\/posts\/16009\/revisions"}],"predecessor-version":[{"id":16011,"href":"https:\/\/wgphoto.pl\/t\/index.php?rest_route=\/wp\/v2\/posts\/16009\/revisions\/16011"}],"wp:featuredmedia":[{"embeddable":true,"href":"https:\/\/wgphoto.pl\/t\/index.php?rest_route=\/wp\/v2\/media\/16010"}],"wp:attachment":[{"href":"https:\/\/wgphoto.pl\/t\/index.php?rest_route=%2Fwp%2Fv2%2Fmedia&parent=16009"}],"wp:term":[{"taxonomy":"category","embeddable":true,"href":"https:\/\/wgphoto.pl\/t\/index.php?rest_route=%2Fwp%2Fv2%2Fcategories&post=16009"},{"taxonomy":"post_tag","embeddable":true,"href":"https:\/\/wgphoto.pl\/t\/index.php?rest_route=%2Fwp%2Fv2%2Ftags&post=16009"}],"curies":[{"name":"wp","href":"https:\/\/api.w.org\/{rel}","templated":true}]}}