{"id":16012,"date":"2025-04-09T22:03:29","date_gmt":"2025-04-09T20:03:29","guid":{"rendered":"https:\/\/wgphoto.pl\/t\/?p=16012"},"modified":"2025-04-09T22:03:29","modified_gmt":"2025-04-09T20:03:29","slug":"duzo-jasnych-barw","status":"publish","type":"post","link":"https:\/\/wgphoto.pl\/t\/?p=16012","title":{"rendered":"Du\u017co jasnych barw"},"content":{"rendered":"\n<figure class=\"wp-block-image aligncenter size-full\"><img loading=\"lazy\" decoding=\"async\" width=\"1200\" height=\"800\" src=\"https:\/\/wgphoto.pl\/t\/wp-content\/uploads\/2025\/04\/IMGP2663.jpg\" alt=\"\" class=\"wp-image-16013\" srcset=\"https:\/\/wgphoto.pl\/t\/wp-content\/uploads\/2025\/04\/IMGP2663.jpg 1200w, https:\/\/wgphoto.pl\/t\/wp-content\/uploads\/2025\/04\/IMGP2663-300x200.jpg 300w, https:\/\/wgphoto.pl\/t\/wp-content\/uploads\/2025\/04\/IMGP2663-768x512.jpg 768w\" sizes=\"auto, (max-width: 1200px) 100vw, 1200px\" \/><\/figure>\n\n\n\n<div class=\"wp-block-group has-global-padding is-layout-constrained wp-block-group-is-layout-constrained\">\n<p>O\u0142omuniec obfituje w \u0142adn\u0105 architektur\u0119, w tym miejscu (nadal znajdujemy si\u0119 na alei Wolno\u015bci, prezentowanej ju\u017c na paru innych uj\u0119ciach) uzupe\u0142nion\u0105 o bruk na jezdni. Tabor natomiast posiada troch\u0119 niestandardowe, ale IMHO bardzo przyjemne malowanie, a tutejsza dba\u0142o\u015b\u0107 o pojazdy dowodzi, \u017ce bia\u0142e mo\u017ce by\u0107 bia\u0142e. 2017-08-15<\/p>\n<\/div>\n","protected":false},"excerpt":{"rendered":"<p>O\u0142omuniec obfituje w \u0142adn\u0105 architektur\u0119, w tym miejscu (nadal znajdujemy si\u0119 na alei Wolno\u015bci, prezentowanej ju\u017c na paru innych uj\u0119ciach) uzupe\u0142nion\u0105 o bruk na jezdni. Tabor natomiast posiada troch\u0119 niestandardowe, ale IMHO bardzo przyjemne malowanie, a tutejsza dba\u0142o\u015b\u0107 o pojazdy dowodzi, \u017ce bia\u0142e mo\u017ce by\u0107 bia\u0142e. 2017-08-15<\/p>\n","protected":false},"author":1,"featured_media":16013,"comment_status":"open","ping_status":"","sticky":false,"template":"","format":"standard","meta":{"footnotes":""},"categories":[368,3],"tags":[1298,34,49,1013,1012,1011],"class_list":["post-16012","post","type-post","status-publish","format-standard","has-post-thumbnail","hentry","category-rok-2017","category-tramwaj","tag-2017-08-15","tag-architektura","tag-czechy","tag-dpmo-olomouc","tag-olomuniec","tag-tatra-t3"],"_links":{"self":[{"href":"https:\/\/wgphoto.pl\/t\/index.php?rest_route=\/wp\/v2\/posts\/16012","targetHints":{"allow":["GET"]}}],"collection":[{"href":"https:\/\/wgphoto.pl\/t\/index.php?rest_route=\/wp\/v2\/posts"}],"about":[{"href":"https:\/\/wgphoto.pl\/t\/index.php?rest_route=\/wp\/v2\/types\/post"}],"author":[{"embeddable":true,"href":"https:\/\/wgphoto.pl\/t\/index.php?rest_route=\/wp\/v2\/users\/1"}],"replies":[{"embeddable":true,"href":"https:\/\/wgphoto.pl\/t\/index.php?rest_route=%2Fwp%2Fv2%2Fcomments&post=16012"}],"version-history":[{"count":1,"href":"https:\/\/wgphoto.pl\/t\/index.php?rest_route=\/wp\/v2\/posts\/16012\/revisions"}],"predecessor-version":[{"id":16014,"href":"https:\/\/wgphoto.pl\/t\/index.php?rest_route=\/wp\/v2\/posts\/16012\/revisions\/16014"}],"wp:featuredmedia":[{"embeddable":true,"href":"https:\/\/wgphoto.pl\/t\/index.php?rest_route=\/wp\/v2\/media\/16013"}],"wp:attachment":[{"href":"https:\/\/wgphoto.pl\/t\/index.php?rest_route=%2Fwp%2Fv2%2Fmedia&parent=16012"}],"wp:term":[{"taxonomy":"category","embeddable":true,"href":"https:\/\/wgphoto.pl\/t\/index.php?rest_route=%2Fwp%2Fv2%2Fcategories&post=16012"},{"taxonomy":"post_tag","embeddable":true,"href":"https:\/\/wgphoto.pl\/t\/index.php?rest_route=%2Fwp%2Fv2%2Ftags&post=16012"}],"curies":[{"name":"wp","href":"https:\/\/api.w.org\/{rel}","templated":true}]}}