{"id":16015,"date":"2025-04-09T22:04:19","date_gmt":"2025-04-09T20:04:19","guid":{"rendered":"https:\/\/wgphoto.pl\/t\/?p=16015"},"modified":"2025-04-09T22:04:19","modified_gmt":"2025-04-09T20:04:19","slug":"okresni-soud","status":"publish","type":"post","link":"https:\/\/wgphoto.pl\/t\/?p=16015","title":{"rendered":"Okresn\u00ed soud"},"content":{"rendered":"\n<figure class=\"wp-block-image aligncenter size-full\"><img loading=\"lazy\" decoding=\"async\" width=\"600\" height=\"966\" src=\"https:\/\/wgphoto.pl\/t\/wp-content\/uploads\/2025\/04\/IMGP2647.jpg\" alt=\"\" class=\"wp-image-16016\" srcset=\"https:\/\/wgphoto.pl\/t\/wp-content\/uploads\/2025\/04\/IMGP2647.jpg 600w, https:\/\/wgphoto.pl\/t\/wp-content\/uploads\/2025\/04\/IMGP2647-186x300.jpg 186w\" sizes=\"auto, (max-width: 600px) 100vw, 600px\" \/><\/figure>\n\n\n\n<div class=\"wp-block-group has-global-padding is-layout-constrained wp-block-group-is-layout-constrained\">\n<p>O\u0142omuniec, t\u0159\u00edda Svobody. Tatra zatrzyma\u0142a si\u0119 na przystanku obok s\u0105du rejonowego. 2017-08-15<\/p>\n<\/div>\n","protected":false},"excerpt":{"rendered":"<p>O\u0142omuniec, t\u0159\u00edda Svobody. Tatra zatrzyma\u0142a si\u0119 na przystanku obok s\u0105du rejonowego. 2017-08-15<\/p>\n","protected":false},"author":1,"featured_media":16016,"comment_status":"open","ping_status":"","sticky":false,"template":"","format":"standard","meta":{"footnotes":""},"categories":[128,368,3],"tags":[1298,49,1013,1012,1011],"class_list":["post-16015","post","type-post","status-publish","format-standard","has-post-thumbnail","hentry","category-pionowe","category-rok-2017","category-tramwaj","tag-2017-08-15","tag-czechy","tag-dpmo-olomouc","tag-olomuniec","tag-tatra-t3"],"_links":{"self":[{"href":"https:\/\/wgphoto.pl\/t\/index.php?rest_route=\/wp\/v2\/posts\/16015","targetHints":{"allow":["GET"]}}],"collection":[{"href":"https:\/\/wgphoto.pl\/t\/index.php?rest_route=\/wp\/v2\/posts"}],"about":[{"href":"https:\/\/wgphoto.pl\/t\/index.php?rest_route=\/wp\/v2\/types\/post"}],"author":[{"embeddable":true,"href":"https:\/\/wgphoto.pl\/t\/index.php?rest_route=\/wp\/v2\/users\/1"}],"replies":[{"embeddable":true,"href":"https:\/\/wgphoto.pl\/t\/index.php?rest_route=%2Fwp%2Fv2%2Fcomments&post=16015"}],"version-history":[{"count":1,"href":"https:\/\/wgphoto.pl\/t\/index.php?rest_route=\/wp\/v2\/posts\/16015\/revisions"}],"predecessor-version":[{"id":16017,"href":"https:\/\/wgphoto.pl\/t\/index.php?rest_route=\/wp\/v2\/posts\/16015\/revisions\/16017"}],"wp:featuredmedia":[{"embeddable":true,"href":"https:\/\/wgphoto.pl\/t\/index.php?rest_route=\/wp\/v2\/media\/16016"}],"wp:attachment":[{"href":"https:\/\/wgphoto.pl\/t\/index.php?rest_route=%2Fwp%2Fv2%2Fmedia&parent=16015"}],"wp:term":[{"taxonomy":"category","embeddable":true,"href":"https:\/\/wgphoto.pl\/t\/index.php?rest_route=%2Fwp%2Fv2%2Fcategories&post=16015"},{"taxonomy":"post_tag","embeddable":true,"href":"https:\/\/wgphoto.pl\/t\/index.php?rest_route=%2Fwp%2Fv2%2Ftags&post=16015"}],"curies":[{"name":"wp","href":"https:\/\/api.w.org\/{rel}","templated":true}]}}