{"id":16036,"date":"2025-04-09T22:10:50","date_gmt":"2025-04-09T20:10:50","guid":{"rendered":"https:\/\/wgphoto.pl\/t\/?p=16036"},"modified":"2025-04-09T22:10:50","modified_gmt":"2025-04-09T20:10:50","slug":"architektoniczna-dominanta","status":"publish","type":"post","link":"https:\/\/wgphoto.pl\/t\/?p=16036","title":{"rendered":"Architektoniczna dominanta"},"content":{"rendered":"\n<figure class=\"wp-block-image aligncenter size-full\"><img loading=\"lazy\" decoding=\"async\" width=\"1200\" height=\"800\" src=\"https:\/\/wgphoto.pl\/t\/wp-content\/uploads\/2025\/04\/0812-34.jpg\" alt=\"\" class=\"wp-image-16037\" srcset=\"https:\/\/wgphoto.pl\/t\/wp-content\/uploads\/2025\/04\/0812-34.jpg 1200w, https:\/\/wgphoto.pl\/t\/wp-content\/uploads\/2025\/04\/0812-34-300x200.jpg 300w, https:\/\/wgphoto.pl\/t\/wp-content\/uploads\/2025\/04\/0812-34-768x512.jpg 768w\" sizes=\"auto, (max-width: 1200px) 100vw, 1200px\" \/><\/figure>\n\n\n\n<div class=\"wp-block-group has-global-padding is-layout-constrained wp-block-group-is-layout-constrained\">\n<p>Wagon T3M3 300 obs\u0142uguj\u0105c jedyn\u0105 lini\u0119 tramwajow\u0105, kt\u00f3rej trasa przebiega w ca\u0142o\u015bci na terenie Mostu, jedzie wzd\u0142u\u017c ulicy Rudolick\u00e9. Nad okolic\u0105 g\u00f3ruje budynek nowego dworca kolejowego z lat 70-tych XX wieku. 2008-09-09<\/p>\n<\/div>\n","protected":false},"excerpt":{"rendered":"<p>Wagon T3M3 300 obs\u0142uguj\u0105c jedyn\u0105 lini\u0119 tramwajow\u0105, kt\u00f3rej trasa przebiega w ca\u0142o\u015bci na terenie Mostu, jedzie wzd\u0142u\u017c ulicy Rudolick\u00e9. Nad okolic\u0105 g\u00f3ruje budynek nowego dworca kolejowego z lat 70-tych XX wieku. 2008-09-09<\/p>\n","protected":false},"author":1,"featured_media":16037,"comment_status":"open","ping_status":"","sticky":false,"template":"","format":"standard","meta":{"footnotes":""},"categories":[62,120,3],"tags":[2500,49,1684,1683,1011],"class_list":["post-16036","post","type-post","status-publish","format-standard","has-post-thumbnail","hentry","category-analog","category-rok-2008","category-tramwaj","tag-2008-09-09","tag-czechy","tag-dp-most","tag-most-cz","tag-tatra-t3"],"_links":{"self":[{"href":"https:\/\/wgphoto.pl\/t\/index.php?rest_route=\/wp\/v2\/posts\/16036","targetHints":{"allow":["GET"]}}],"collection":[{"href":"https:\/\/wgphoto.pl\/t\/index.php?rest_route=\/wp\/v2\/posts"}],"about":[{"href":"https:\/\/wgphoto.pl\/t\/index.php?rest_route=\/wp\/v2\/types\/post"}],"author":[{"embeddable":true,"href":"https:\/\/wgphoto.pl\/t\/index.php?rest_route=\/wp\/v2\/users\/1"}],"replies":[{"embeddable":true,"href":"https:\/\/wgphoto.pl\/t\/index.php?rest_route=%2Fwp%2Fv2%2Fcomments&post=16036"}],"version-history":[{"count":1,"href":"https:\/\/wgphoto.pl\/t\/index.php?rest_route=\/wp\/v2\/posts\/16036\/revisions"}],"predecessor-version":[{"id":16038,"href":"https:\/\/wgphoto.pl\/t\/index.php?rest_route=\/wp\/v2\/posts\/16036\/revisions\/16038"}],"wp:featuredmedia":[{"embeddable":true,"href":"https:\/\/wgphoto.pl\/t\/index.php?rest_route=\/wp\/v2\/media\/16037"}],"wp:attachment":[{"href":"https:\/\/wgphoto.pl\/t\/index.php?rest_route=%2Fwp%2Fv2%2Fmedia&parent=16036"}],"wp:term":[{"taxonomy":"category","embeddable":true,"href":"https:\/\/wgphoto.pl\/t\/index.php?rest_route=%2Fwp%2Fv2%2Fcategories&post=16036"},{"taxonomy":"post_tag","embeddable":true,"href":"https:\/\/wgphoto.pl\/t\/index.php?rest_route=%2Fwp%2Fv2%2Ftags&post=16036"}],"curies":[{"name":"wp","href":"https:\/\/api.w.org\/{rel}","templated":true}]}}