{"id":16039,"date":"2025-04-09T22:11:54","date_gmt":"2025-04-09T20:11:54","guid":{"rendered":"https:\/\/wgphoto.pl\/t\/?p=16039"},"modified":"2025-04-09T22:11:54","modified_gmt":"2025-04-09T20:11:54","slug":"t3m3-nr-300","status":"publish","type":"post","link":"https:\/\/wgphoto.pl\/t\/?p=16039","title":{"rendered":"T3M3 nr 300"},"content":{"rendered":"\n<figure class=\"wp-block-image aligncenter size-full\"><img loading=\"lazy\" decoding=\"async\" width=\"1200\" height=\"800\" src=\"https:\/\/wgphoto.pl\/t\/wp-content\/uploads\/2025\/04\/0813-06.jpg\" alt=\"\" class=\"wp-image-16040\" srcset=\"https:\/\/wgphoto.pl\/t\/wp-content\/uploads\/2025\/04\/0813-06.jpg 1200w, https:\/\/wgphoto.pl\/t\/wp-content\/uploads\/2025\/04\/0813-06-300x200.jpg 300w, https:\/\/wgphoto.pl\/t\/wp-content\/uploads\/2025\/04\/0813-06-768x512.jpg 768w\" sizes=\"auto, (max-width: 1200px) 100vw, 1200px\" \/><\/figure>\n\n\n\n<div class=\"wp-block-group has-global-padding is-layout-constrained wp-block-group-is-layout-constrained\">\n<p>Litv\u00ednov, plac przed dworcem kolejowym (znajduj\u0105cym si\u0119 po lewej stronie, poza kadrem). \u0141ad przestrzenny tego obrazka pasuje mi raczej do Europy Wschodniej ni\u017c do Czech, ale taka to ju\u017c nieco smutna okolica. 10.09.2008<\/p>\n<\/div>\n","protected":false},"excerpt":{"rendered":"<p>Litv\u00ednov, plac przed dworcem kolejowym (znajduj\u0105cym si\u0119 po lewej stronie, poza kadrem). \u0141ad przestrzenny tego obrazka pasuje mi raczej do Europy Wschodniej ni\u017c do Czech, ale taka to ju\u017c nieco smutna okolica. 10.09.2008<\/p>\n","protected":false},"author":1,"featured_media":16040,"comment_status":"open","ping_status":"","sticky":false,"template":"","format":"standard","meta":{"footnotes":""},"categories":[62,120,3],"tags":[1682,49,1684,2453,1011],"class_list":["post-16039","post","type-post","status-publish","format-standard","has-post-thumbnail","hentry","category-analog","category-rok-2008","category-tramwaj","tag-2008-09-10","tag-czechy","tag-dp-most","tag-litvinov","tag-tatra-t3"],"_links":{"self":[{"href":"https:\/\/wgphoto.pl\/t\/index.php?rest_route=\/wp\/v2\/posts\/16039","targetHints":{"allow":["GET"]}}],"collection":[{"href":"https:\/\/wgphoto.pl\/t\/index.php?rest_route=\/wp\/v2\/posts"}],"about":[{"href":"https:\/\/wgphoto.pl\/t\/index.php?rest_route=\/wp\/v2\/types\/post"}],"author":[{"embeddable":true,"href":"https:\/\/wgphoto.pl\/t\/index.php?rest_route=\/wp\/v2\/users\/1"}],"replies":[{"embeddable":true,"href":"https:\/\/wgphoto.pl\/t\/index.php?rest_route=%2Fwp%2Fv2%2Fcomments&post=16039"}],"version-history":[{"count":1,"href":"https:\/\/wgphoto.pl\/t\/index.php?rest_route=\/wp\/v2\/posts\/16039\/revisions"}],"predecessor-version":[{"id":16041,"href":"https:\/\/wgphoto.pl\/t\/index.php?rest_route=\/wp\/v2\/posts\/16039\/revisions\/16041"}],"wp:featuredmedia":[{"embeddable":true,"href":"https:\/\/wgphoto.pl\/t\/index.php?rest_route=\/wp\/v2\/media\/16040"}],"wp:attachment":[{"href":"https:\/\/wgphoto.pl\/t\/index.php?rest_route=%2Fwp%2Fv2%2Fmedia&parent=16039"}],"wp:term":[{"taxonomy":"category","embeddable":true,"href":"https:\/\/wgphoto.pl\/t\/index.php?rest_route=%2Fwp%2Fv2%2Fcategories&post=16039"},{"taxonomy":"post_tag","embeddable":true,"href":"https:\/\/wgphoto.pl\/t\/index.php?rest_route=%2Fwp%2Fv2%2Ftags&post=16039"}],"curies":[{"name":"wp","href":"https:\/\/api.w.org\/{rel}","templated":true}]}}