{"id":16042,"date":"2025-04-09T22:13:17","date_gmt":"2025-04-09T20:13:17","guid":{"rendered":"https:\/\/wgphoto.pl\/t\/?p=16042"},"modified":"2025-04-09T22:13:17","modified_gmt":"2025-04-09T20:13:17","slug":"neo-faliro","status":"publish","type":"post","link":"https:\/\/wgphoto.pl\/t\/?p=16042","title":{"rendered":"Neo Faliro"},"content":{"rendered":"\n<figure class=\"wp-block-image aligncenter size-full\"><img loading=\"lazy\" decoding=\"async\" width=\"1200\" height=\"795\" src=\"https:\/\/wgphoto.pl\/t\/wp-content\/uploads\/2025\/04\/IMGP8212.jpg\" alt=\"\" class=\"wp-image-16043\" srcset=\"https:\/\/wgphoto.pl\/t\/wp-content\/uploads\/2025\/04\/IMGP8212.jpg 1200w, https:\/\/wgphoto.pl\/t\/wp-content\/uploads\/2025\/04\/IMGP8212-300x199.jpg 300w, https:\/\/wgphoto.pl\/t\/wp-content\/uploads\/2025\/04\/IMGP8212-768x509.jpg 768w\" sizes=\"auto, (max-width: 1200px) 100vw, 1200px\" \/><\/figure>\n\n\n\n<div class=\"wp-block-group has-global-padding is-layout-constrained wp-block-group-is-layout-constrained\">\n<p>Widok na 4-torowy kraniec przy stacji metra Neo Faliro w Pireusie. Obecnie [2018] trwa budowa kilkusetmetrowego przed\u0142u\u017cenia do centrum tego satelickiego miasta Aten, dzi\u0119ki kt\u00f3remu tramwaj dotrze do samego portu morskiego. 2014-11-07<\/p>\n<\/div>\n","protected":false},"excerpt":{"rendered":"<p>Widok na 4-torowy kraniec przy stacji metra Neo Faliro w Pireusie. Obecnie [2018] trwa budowa kilkusetmetrowego przed\u0142u\u017cenia do centrum tego satelickiego miasta Aten, dzi\u0119ki kt\u00f3remu tramwaj dotrze do samego portu morskiego. 2014-11-07<\/p>\n","protected":false},"author":1,"featured_media":16043,"comment_status":"open","ping_status":"","sticky":false,"template":"","format":"standard","meta":{"footnotes":""},"categories":[48,3],"tags":[1422,1015,1014,831,1017],"class_list":["post-16042","post","type-post","status-publish","format-standard","has-post-thumbnail","hentry","category-rok-2014","category-tramwaj","tag-2014-11-07","tag-ateny","tag-grecja","tag-sirio","tag-1017"],"_links":{"self":[{"href":"https:\/\/wgphoto.pl\/t\/index.php?rest_route=\/wp\/v2\/posts\/16042","targetHints":{"allow":["GET"]}}],"collection":[{"href":"https:\/\/wgphoto.pl\/t\/index.php?rest_route=\/wp\/v2\/posts"}],"about":[{"href":"https:\/\/wgphoto.pl\/t\/index.php?rest_route=\/wp\/v2\/types\/post"}],"author":[{"embeddable":true,"href":"https:\/\/wgphoto.pl\/t\/index.php?rest_route=\/wp\/v2\/users\/1"}],"replies":[{"embeddable":true,"href":"https:\/\/wgphoto.pl\/t\/index.php?rest_route=%2Fwp%2Fv2%2Fcomments&post=16042"}],"version-history":[{"count":1,"href":"https:\/\/wgphoto.pl\/t\/index.php?rest_route=\/wp\/v2\/posts\/16042\/revisions"}],"predecessor-version":[{"id":16044,"href":"https:\/\/wgphoto.pl\/t\/index.php?rest_route=\/wp\/v2\/posts\/16042\/revisions\/16044"}],"wp:featuredmedia":[{"embeddable":true,"href":"https:\/\/wgphoto.pl\/t\/index.php?rest_route=\/wp\/v2\/media\/16043"}],"wp:attachment":[{"href":"https:\/\/wgphoto.pl\/t\/index.php?rest_route=%2Fwp%2Fv2%2Fmedia&parent=16042"}],"wp:term":[{"taxonomy":"category","embeddable":true,"href":"https:\/\/wgphoto.pl\/t\/index.php?rest_route=%2Fwp%2Fv2%2Fcategories&post=16042"},{"taxonomy":"post_tag","embeddable":true,"href":"https:\/\/wgphoto.pl\/t\/index.php?rest_route=%2Fwp%2Fv2%2Ftags&post=16042"}],"curies":[{"name":"wp","href":"https:\/\/api.w.org\/{rel}","templated":true}]}}