{"id":16045,"date":"2025-04-09T22:14:09","date_gmt":"2025-04-09T20:14:09","guid":{"rendered":"https:\/\/wgphoto.pl\/t\/?p=16045"},"modified":"2025-04-09T22:14:09","modified_gmt":"2025-04-09T20:14:09","slug":"mis","status":"publish","type":"post","link":"https:\/\/wgphoto.pl\/t\/?p=16045","title":{"rendered":"Mi\u015b"},"content":{"rendered":"\n<figure class=\"wp-block-image aligncenter size-full\"><img loading=\"lazy\" decoding=\"async\" width=\"1200\" height=\"800\" src=\"https:\/\/wgphoto.pl\/t\/wp-content\/uploads\/2025\/04\/0231-17.jpg\" alt=\"\" class=\"wp-image-16046\" srcset=\"https:\/\/wgphoto.pl\/t\/wp-content\/uploads\/2025\/04\/0231-17.jpg 1200w, https:\/\/wgphoto.pl\/t\/wp-content\/uploads\/2025\/04\/0231-17-300x200.jpg 300w, https:\/\/wgphoto.pl\/t\/wp-content\/uploads\/2025\/04\/0231-17-768x512.jpg 768w\" sizes=\"auto, (max-width: 1200px) 100vw, 1200px\" \/><\/figure>\n\n\n\n<div class=\"wp-block-group has-global-padding is-layout-constrained wp-block-group-is-layout-constrained\">\n<p>Zak\u0142ady cukiernicze z Obornik \u015al\u0105skich zachwalaj\u0105 swoje wyroby na stodw\u00f3jce nr 2024. Tramwaj min\u0105\u0142 wiadukt pod lini\u0105 kolejow\u0105 do Poznania i zmierza na Osobowice, gdzie panuje jeszcze sielankowy klimat gdy\u017c nowy most na Odrze, dzi\u0119ki kt\u00f3remu wzro\u015bnie ruch w tej okolicy, zostanie otwarty dopiero za 3 lata. 31.12.2002<\/p>\n<\/div>\n","protected":false},"excerpt":{"rendered":"<p>Zak\u0142ady cukiernicze z Obornik \u015al\u0105skich zachwalaj\u0105 swoje wyroby na stodw\u00f3jce nr 2024. Tramwaj min\u0105\u0142 wiadukt pod lini\u0105 kolejow\u0105 do Poznania i zmierza na Osobowice, gdzie panuje jeszcze sielankowy klimat gdy\u017c nowy most na Odrze, dzi\u0119ki kt\u00f3remu wzro\u015bnie ruch w tej okolicy, zostanie otwarty dopiero za 3 lata. 31.12.2002<\/p>\n","protected":false},"author":1,"featured_media":16046,"comment_status":"open","ping_status":"","sticky":false,"template":"","format":"standard","meta":{"footnotes":""},"categories":[62,577,3],"tags":[3076,309,42,27,44,41],"class_list":["post-16045","post","type-post","status-publish","format-standard","has-post-thumbnail","hentry","category-analog","category-rok-2002","category-tramwaj","tag-2002-12-31","tag-konstal-102na","tag-mpk-wroclaw","tag-polska","tag-snieg","tag-wroclaw"],"_links":{"self":[{"href":"https:\/\/wgphoto.pl\/t\/index.php?rest_route=\/wp\/v2\/posts\/16045","targetHints":{"allow":["GET"]}}],"collection":[{"href":"https:\/\/wgphoto.pl\/t\/index.php?rest_route=\/wp\/v2\/posts"}],"about":[{"href":"https:\/\/wgphoto.pl\/t\/index.php?rest_route=\/wp\/v2\/types\/post"}],"author":[{"embeddable":true,"href":"https:\/\/wgphoto.pl\/t\/index.php?rest_route=\/wp\/v2\/users\/1"}],"replies":[{"embeddable":true,"href":"https:\/\/wgphoto.pl\/t\/index.php?rest_route=%2Fwp%2Fv2%2Fcomments&post=16045"}],"version-history":[{"count":1,"href":"https:\/\/wgphoto.pl\/t\/index.php?rest_route=\/wp\/v2\/posts\/16045\/revisions"}],"predecessor-version":[{"id":16047,"href":"https:\/\/wgphoto.pl\/t\/index.php?rest_route=\/wp\/v2\/posts\/16045\/revisions\/16047"}],"wp:featuredmedia":[{"embeddable":true,"href":"https:\/\/wgphoto.pl\/t\/index.php?rest_route=\/wp\/v2\/media\/16046"}],"wp:attachment":[{"href":"https:\/\/wgphoto.pl\/t\/index.php?rest_route=%2Fwp%2Fv2%2Fmedia&parent=16045"}],"wp:term":[{"taxonomy":"category","embeddable":true,"href":"https:\/\/wgphoto.pl\/t\/index.php?rest_route=%2Fwp%2Fv2%2Fcategories&post=16045"},{"taxonomy":"post_tag","embeddable":true,"href":"https:\/\/wgphoto.pl\/t\/index.php?rest_route=%2Fwp%2Fv2%2Ftags&post=16045"}],"curies":[{"name":"wp","href":"https:\/\/api.w.org\/{rel}","templated":true}]}}