{"id":16048,"date":"2025-04-09T22:15:30","date_gmt":"2025-04-09T20:15:30","guid":{"rendered":"https:\/\/wgphoto.pl\/t\/?p=16048"},"modified":"2025-04-09T22:16:38","modified_gmt":"2025-04-09T20:16:38","slug":"przedostatni-wyjazd","status":"publish","type":"post","link":"https:\/\/wgphoto.pl\/t\/?p=16048","title":{"rendered":"Przedostatni wyjazd"},"content":{"rendered":"\n<figure class=\"wp-block-image aligncenter size-full\"><img loading=\"lazy\" decoding=\"async\" width=\"1050\" height=\"700\" src=\"https:\/\/wgphoto.pl\/t\/wp-content\/uploads\/2025\/04\/2001c-09.jpg\" alt=\"\" class=\"wp-image-16049\" srcset=\"https:\/\/wgphoto.pl\/t\/wp-content\/uploads\/2025\/04\/2001c-09.jpg 1050w, https:\/\/wgphoto.pl\/t\/wp-content\/uploads\/2025\/04\/2001c-09-300x200.jpg 300w, https:\/\/wgphoto.pl\/t\/wp-content\/uploads\/2025\/04\/2001c-09-768x512.jpg 768w\" sizes=\"auto, (max-width: 1050px) 100vw, 1050px\" \/><\/figure>\n\n\n\n<div class=\"wp-block-group has-global-padding is-layout-constrained wp-block-group-is-layout-constrained\">\n<p>105Na 2437 po raz przedostatni wyje\u017cd\u017ca z zajezdni D\u0105bie na lini\u0119 4 (i nast\u0119pnie na kt\u00f3r\u0105\u015b nocn\u0105). 6 lutego 2001 r. wszystkie tramwajowe nocki wyjecha\u0142y ju\u017c tylko z zajezdni przy ul. Powsta\u0144c\u00f3w \u015al\u0105skich i by\u0142y planowo obs\u0142ugiwane wozami generacji 102N. 04.02.2001<\/p>\n<\/div>\n","protected":false},"excerpt":{"rendered":"<p>105Na 2437 po raz przedostatni wyje\u017cd\u017ca z zajezdni D\u0105bie na lini\u0119 4 (i nast\u0119pnie na kt\u00f3r\u0105\u015b nocn\u0105). 6 lutego 2001 r. wszystkie tramwajowe nocki wyjecha\u0142y ju\u017c tylko z zajezdni przy ul. Powsta\u0144c\u00f3w \u015al\u0105skich i by\u0142y planowo obs\u0142ugiwane wozami generacji 102N. 04.02.2001<\/p>\n","protected":false},"author":1,"featured_media":16049,"comment_status":"open","ping_status":"","sticky":false,"template":"","format":"standard","meta":{"footnotes":""},"categories":[62,940,3],"tags":[155,3667,42,154,27,41,971,138],"class_list":["post-16048","post","type-post","status-publish","format-standard","has-post-thumbnail","hentry","category-analog","category-rok-2001","category-tramwaj","tag-105na","tag-2001-02-04","tag-mpk-wroclaw","tag-noc","tag-polska","tag-wroclaw","tag-wroclawskie-solowki","tag-zajezdnia"],"_links":{"self":[{"href":"https:\/\/wgphoto.pl\/t\/index.php?rest_route=\/wp\/v2\/posts\/16048","targetHints":{"allow":["GET"]}}],"collection":[{"href":"https:\/\/wgphoto.pl\/t\/index.php?rest_route=\/wp\/v2\/posts"}],"about":[{"href":"https:\/\/wgphoto.pl\/t\/index.php?rest_route=\/wp\/v2\/types\/post"}],"author":[{"embeddable":true,"href":"https:\/\/wgphoto.pl\/t\/index.php?rest_route=\/wp\/v2\/users\/1"}],"replies":[{"embeddable":true,"href":"https:\/\/wgphoto.pl\/t\/index.php?rest_route=%2Fwp%2Fv2%2Fcomments&post=16048"}],"version-history":[{"count":1,"href":"https:\/\/wgphoto.pl\/t\/index.php?rest_route=\/wp\/v2\/posts\/16048\/revisions"}],"predecessor-version":[{"id":16050,"href":"https:\/\/wgphoto.pl\/t\/index.php?rest_route=\/wp\/v2\/posts\/16048\/revisions\/16050"}],"wp:featuredmedia":[{"embeddable":true,"href":"https:\/\/wgphoto.pl\/t\/index.php?rest_route=\/wp\/v2\/media\/16049"}],"wp:attachment":[{"href":"https:\/\/wgphoto.pl\/t\/index.php?rest_route=%2Fwp%2Fv2%2Fmedia&parent=16048"}],"wp:term":[{"taxonomy":"category","embeddable":true,"href":"https:\/\/wgphoto.pl\/t\/index.php?rest_route=%2Fwp%2Fv2%2Fcategories&post=16048"},{"taxonomy":"post_tag","embeddable":true,"href":"https:\/\/wgphoto.pl\/t\/index.php?rest_route=%2Fwp%2Fv2%2Ftags&post=16048"}],"curies":[{"name":"wp","href":"https:\/\/api.w.org\/{rel}","templated":true}]}}