{"id":16057,"date":"2025-04-09T22:18:25","date_gmt":"2025-04-09T20:18:25","guid":{"rendered":"https:\/\/wgphoto.pl\/t\/?p=16057"},"modified":"2025-04-09T22:18:25","modified_gmt":"2025-04-09T20:18:25","slug":"105na-2460","status":"publish","type":"post","link":"https:\/\/wgphoto.pl\/t\/?p=16057","title":{"rendered":"105Na 2460"},"content":{"rendered":"\n<figure class=\"wp-block-image aligncenter size-full\"><img loading=\"lazy\" decoding=\"async\" width=\"1050\" height=\"700\" src=\"https:\/\/wgphoto.pl\/t\/wp-content\/uploads\/2025\/04\/2001c-15.jpg\" alt=\"\" class=\"wp-image-16058\" srcset=\"https:\/\/wgphoto.pl\/t\/wp-content\/uploads\/2025\/04\/2001c-15.jpg 1050w, https:\/\/wgphoto.pl\/t\/wp-content\/uploads\/2025\/04\/2001c-15-300x200.jpg 300w, https:\/\/wgphoto.pl\/t\/wp-content\/uploads\/2025\/04\/2001c-15-768x512.jpg 768w\" sizes=\"auto, (max-width: 1050px) 100vw, 1050px\" \/><\/figure>\n\n\n\n<div class=\"wp-block-group has-global-padding is-layout-constrained wp-block-group-is-layout-constrained\">\n<p>Czterdziestka lewa na \u0142uku z ul. Nowowiejskiej w Jedno\u015bci Narodowej. Nie bi\u0107 za jako\u015b\u0107 &#8211; sam nad ni\u0105 ubolewam. Ale tak to jest jak si\u0119 zabiera za nocne zdj\u0119cia nie znaj\u0105c podstaw teoretycznych i pr\u00f3buj\u0105c walczy\u0107 parametrami t=1\/30s i f=2,0. Ale zdecydowa\u0142em si\u0119 te knoty wrzuci\u0107 ze wzgl\u0119du na niew\u0105tpliwy walor historyczny. 04.02.2001<\/p>\n<\/div>\n","protected":false},"excerpt":{"rendered":"<p>Czterdziestka lewa na \u0142uku z ul. Nowowiejskiej w Jedno\u015bci Narodowej. Nie bi\u0107 za jako\u015b\u0107 &#8211; sam nad ni\u0105 ubolewam. Ale tak to jest jak si\u0119 zabiera za nocne zdj\u0119cia nie znaj\u0105c podstaw teoretycznych i pr\u00f3buj\u0105c walczy\u0107 parametrami t=1\/30s i f=2,0. Ale zdecydowa\u0142em si\u0119 te knoty wrzuci\u0107 ze wzgl\u0119du na niew\u0105tpliwy walor historyczny. 04.02.2001<\/p>\n","protected":false},"author":1,"featured_media":16058,"comment_status":"open","ping_status":"","sticky":false,"template":"","format":"standard","meta":{"footnotes":""},"categories":[62,940,3],"tags":[155,3667,42,154,27,41,846,971],"class_list":["post-16057","post","type-post","status-publish","format-standard","has-post-thumbnail","hentry","category-analog","category-rok-2001","category-tramwaj","tag-105na","tag-2001-02-04","tag-mpk-wroclaw","tag-noc","tag-polska","tag-wroclaw","tag-wroclawskie-linie-nocne","tag-wroclawskie-solowki"],"_links":{"self":[{"href":"https:\/\/wgphoto.pl\/t\/index.php?rest_route=\/wp\/v2\/posts\/16057","targetHints":{"allow":["GET"]}}],"collection":[{"href":"https:\/\/wgphoto.pl\/t\/index.php?rest_route=\/wp\/v2\/posts"}],"about":[{"href":"https:\/\/wgphoto.pl\/t\/index.php?rest_route=\/wp\/v2\/types\/post"}],"author":[{"embeddable":true,"href":"https:\/\/wgphoto.pl\/t\/index.php?rest_route=\/wp\/v2\/users\/1"}],"replies":[{"embeddable":true,"href":"https:\/\/wgphoto.pl\/t\/index.php?rest_route=%2Fwp%2Fv2%2Fcomments&post=16057"}],"version-history":[{"count":1,"href":"https:\/\/wgphoto.pl\/t\/index.php?rest_route=\/wp\/v2\/posts\/16057\/revisions"}],"predecessor-version":[{"id":16059,"href":"https:\/\/wgphoto.pl\/t\/index.php?rest_route=\/wp\/v2\/posts\/16057\/revisions\/16059"}],"wp:featuredmedia":[{"embeddable":true,"href":"https:\/\/wgphoto.pl\/t\/index.php?rest_route=\/wp\/v2\/media\/16058"}],"wp:attachment":[{"href":"https:\/\/wgphoto.pl\/t\/index.php?rest_route=%2Fwp%2Fv2%2Fmedia&parent=16057"}],"wp:term":[{"taxonomy":"category","embeddable":true,"href":"https:\/\/wgphoto.pl\/t\/index.php?rest_route=%2Fwp%2Fv2%2Fcategories&post=16057"},{"taxonomy":"post_tag","embeddable":true,"href":"https:\/\/wgphoto.pl\/t\/index.php?rest_route=%2Fwp%2Fv2%2Ftags&post=16057"}],"curies":[{"name":"wp","href":"https:\/\/api.w.org\/{rel}","templated":true}]}}