{"id":1606,"date":"2024-10-04T17:17:09","date_gmt":"2024-10-04T15:17:09","guid":{"rendered":"https:\/\/wgphoto.pl\/t\/?p=1606"},"modified":"2024-10-04T17:17:09","modified_gmt":"2024-10-04T15:17:09","slug":"wawel-w-rokitkach-po-raz-kolejny","status":"publish","type":"post","link":"https:\/\/wgphoto.pl\/t\/?p=1606","title":{"rendered":"&#8222;Wawel&#8221; w Rokitkach po raz kolejny"},"content":{"rendered":"\n<figure class=\"wp-block-image aligncenter size-full\"><img loading=\"lazy\" decoding=\"async\" width=\"1300\" height=\"862\" src=\"https:\/\/wgphoto.pl\/t\/wp-content\/uploads\/2024\/10\/0424-04.jpg\" alt=\"\" class=\"wp-image-1607\" srcset=\"https:\/\/wgphoto.pl\/t\/wp-content\/uploads\/2024\/10\/0424-04.jpg 1300w, https:\/\/wgphoto.pl\/t\/wp-content\/uploads\/2024\/10\/0424-04-300x199.jpg 300w, https:\/\/wgphoto.pl\/t\/wp-content\/uploads\/2024\/10\/0424-04-768x509.jpg 768w\" sizes=\"auto, (max-width: 1300px) 100vw, 1300px\" \/><\/figure>\n\n\n\n<div class=\"wp-block-group has-global-padding is-layout-constrained wp-block-group-is-layout-constrained\">\n<p>\u017baga\u0144ska SU45-083 z poci\u0105giem 241\/73000 IC &#8222;Wawel&#8221; relacji Hamburg-Altona &#8211; Krak\u00f3w G\u0142\u00f3wny mija bez zatrzymania Rokitki. [09.09.2004]<\/p>\n<\/div>\n","protected":false},"excerpt":{"rendered":"<p>\u017baga\u0144ska SU45-083 z poci\u0105giem 241\/73000 IC &#8222;Wawel&#8221; relacji Hamburg-Altona &#8211; Krak\u00f3w G\u0142\u00f3wny mija bez zatrzymania Rokitki. [09.09.2004]<\/p>\n","protected":false},"author":1,"featured_media":1607,"comment_status":"open","ping_status":"","sticky":false,"template":"","format":"standard","meta":{"footnotes":""},"categories":[62,2,61],"tags":[818,63,27,65,290,53,356],"class_list":["post-1606","post","type-post","status-publish","format-standard","has-post-thumbnail","hentry","category-analog","category-kolej","category-rok-2004","tag-2004-09-09","tag-pkp","tag-polska","tag-rokitki","tag-su45","tag-sygnalizacja-ksztaltowa","tag-tab-pl270"],"_links":{"self":[{"href":"https:\/\/wgphoto.pl\/t\/index.php?rest_route=\/wp\/v2\/posts\/1606","targetHints":{"allow":["GET"]}}],"collection":[{"href":"https:\/\/wgphoto.pl\/t\/index.php?rest_route=\/wp\/v2\/posts"}],"about":[{"href":"https:\/\/wgphoto.pl\/t\/index.php?rest_route=\/wp\/v2\/types\/post"}],"author":[{"embeddable":true,"href":"https:\/\/wgphoto.pl\/t\/index.php?rest_route=\/wp\/v2\/users\/1"}],"replies":[{"embeddable":true,"href":"https:\/\/wgphoto.pl\/t\/index.php?rest_route=%2Fwp%2Fv2%2Fcomments&post=1606"}],"version-history":[{"count":1,"href":"https:\/\/wgphoto.pl\/t\/index.php?rest_route=\/wp\/v2\/posts\/1606\/revisions"}],"predecessor-version":[{"id":1608,"href":"https:\/\/wgphoto.pl\/t\/index.php?rest_route=\/wp\/v2\/posts\/1606\/revisions\/1608"}],"wp:featuredmedia":[{"embeddable":true,"href":"https:\/\/wgphoto.pl\/t\/index.php?rest_route=\/wp\/v2\/media\/1607"}],"wp:attachment":[{"href":"https:\/\/wgphoto.pl\/t\/index.php?rest_route=%2Fwp%2Fv2%2Fmedia&parent=1606"}],"wp:term":[{"taxonomy":"category","embeddable":true,"href":"https:\/\/wgphoto.pl\/t\/index.php?rest_route=%2Fwp%2Fv2%2Fcategories&post=1606"},{"taxonomy":"post_tag","embeddable":true,"href":"https:\/\/wgphoto.pl\/t\/index.php?rest_route=%2Fwp%2Fv2%2Ftags&post=1606"}],"curies":[{"name":"wp","href":"https:\/\/api.w.org\/{rel}","templated":true}]}}