{"id":16060,"date":"2025-04-09T22:19:19","date_gmt":"2025-04-09T20:19:19","guid":{"rendered":"https:\/\/wgphoto.pl\/t\/?p=16060"},"modified":"2025-04-09T22:19:19","modified_gmt":"2025-04-09T20:19:19","slug":"105na-25562437","status":"publish","type":"post","link":"https:\/\/wgphoto.pl\/t\/?p=16060","title":{"rendered":"105Na 2556+2437"},"content":{"rendered":"\n<figure class=\"wp-block-image aligncenter size-full\"><img loading=\"lazy\" decoding=\"async\" width=\"1050\" height=\"700\" src=\"https:\/\/wgphoto.pl\/t\/wp-content\/uploads\/2025\/04\/2001c-17.jpg\" alt=\"\" class=\"wp-image-16061\" srcset=\"https:\/\/wgphoto.pl\/t\/wp-content\/uploads\/2025\/04\/2001c-17.jpg 1050w, https:\/\/wgphoto.pl\/t\/wp-content\/uploads\/2025\/04\/2001c-17-300x200.jpg 300w, https:\/\/wgphoto.pl\/t\/wp-content\/uploads\/2025\/04\/2001c-17-768x512.jpg 768w\" sizes=\"auto, (max-width: 1050px) 100vw, 1050px\" \/><\/figure>\n\n\n\n<div class=\"wp-block-group has-global-padding is-layout-constrained wp-block-group-is-layout-constrained\">\n<p>Wroc\u0142aw, p\u0119tla Park Po\u0142udniowy. Jeszcze kilka dni temu wagony 2556 i 2437 kursowa\u0142y solo na liniach nocnych i stacjonowa\u0142y na r\u00f3\u017cnych zajezdniach (odpowiednio Gaj i D\u0105bie). Drugi z wymienionych woz\u00f3w przeniesiono na zaj. Gaj, co pozwoli\u0142o na zestawienie sk\u0142adu, kt\u00f3ry kursuje do dzi\u015b. 08.02.2001<\/p>\n<\/div>\n","protected":false},"excerpt":{"rendered":"<p>Wroc\u0142aw, p\u0119tla Park Po\u0142udniowy. Jeszcze kilka dni temu wagony 2556 i 2437 kursowa\u0142y solo na liniach nocnych i stacjonowa\u0142y na r\u00f3\u017cnych zajezdniach (odpowiednio Gaj i D\u0105bie). Drugi z wymienionych woz\u00f3w przeniesiono na zaj. Gaj, co pozwoli\u0142o na zestawienie sk\u0142adu, kt\u00f3ry kursuje do dzi\u015b. 08.02.2001<\/p>\n","protected":false},"author":1,"featured_media":16061,"comment_status":"open","ping_status":"","sticky":false,"template":"","format":"standard","meta":{"footnotes":""},"categories":[62,940,3],"tags":[155,3668,42,27,41],"class_list":["post-16060","post","type-post","status-publish","format-standard","has-post-thumbnail","hentry","category-analog","category-rok-2001","category-tramwaj","tag-105na","tag-2001-02-08","tag-mpk-wroclaw","tag-polska","tag-wroclaw"],"_links":{"self":[{"href":"https:\/\/wgphoto.pl\/t\/index.php?rest_route=\/wp\/v2\/posts\/16060","targetHints":{"allow":["GET"]}}],"collection":[{"href":"https:\/\/wgphoto.pl\/t\/index.php?rest_route=\/wp\/v2\/posts"}],"about":[{"href":"https:\/\/wgphoto.pl\/t\/index.php?rest_route=\/wp\/v2\/types\/post"}],"author":[{"embeddable":true,"href":"https:\/\/wgphoto.pl\/t\/index.php?rest_route=\/wp\/v2\/users\/1"}],"replies":[{"embeddable":true,"href":"https:\/\/wgphoto.pl\/t\/index.php?rest_route=%2Fwp%2Fv2%2Fcomments&post=16060"}],"version-history":[{"count":1,"href":"https:\/\/wgphoto.pl\/t\/index.php?rest_route=\/wp\/v2\/posts\/16060\/revisions"}],"predecessor-version":[{"id":16062,"href":"https:\/\/wgphoto.pl\/t\/index.php?rest_route=\/wp\/v2\/posts\/16060\/revisions\/16062"}],"wp:featuredmedia":[{"embeddable":true,"href":"https:\/\/wgphoto.pl\/t\/index.php?rest_route=\/wp\/v2\/media\/16061"}],"wp:attachment":[{"href":"https:\/\/wgphoto.pl\/t\/index.php?rest_route=%2Fwp%2Fv2%2Fmedia&parent=16060"}],"wp:term":[{"taxonomy":"category","embeddable":true,"href":"https:\/\/wgphoto.pl\/t\/index.php?rest_route=%2Fwp%2Fv2%2Fcategories&post=16060"},{"taxonomy":"post_tag","embeddable":true,"href":"https:\/\/wgphoto.pl\/t\/index.php?rest_route=%2Fwp%2Fv2%2Ftags&post=16060"}],"curies":[{"name":"wp","href":"https:\/\/api.w.org\/{rel}","templated":true}]}}