{"id":16066,"date":"2025-04-09T22:21:05","date_gmt":"2025-04-09T20:21:05","guid":{"rendered":"https:\/\/wgphoto.pl\/t\/?p=16066"},"modified":"2025-04-09T22:21:05","modified_gmt":"2025-04-09T20:21:05","slug":"wawel-zza-krzaka","status":"publish","type":"post","link":"https:\/\/wgphoto.pl\/t\/?p=16066","title":{"rendered":"Wawel zza krzaka"},"content":{"rendered":"\n<figure class=\"wp-block-image aligncenter size-full\"><img loading=\"lazy\" decoding=\"async\" width=\"1200\" height=\"800\" src=\"https:\/\/wgphoto.pl\/t\/wp-content\/uploads\/2025\/04\/0328-24.jpg\" alt=\"\" class=\"wp-image-16067\" srcset=\"https:\/\/wgphoto.pl\/t\/wp-content\/uploads\/2025\/04\/0328-24.jpg 1200w, https:\/\/wgphoto.pl\/t\/wp-content\/uploads\/2025\/04\/0328-24-300x200.jpg 300w, https:\/\/wgphoto.pl\/t\/wp-content\/uploads\/2025\/04\/0328-24-768x512.jpg 768w\" sizes=\"auto, (max-width: 1200px) 100vw, 1200px\" \/><\/figure>\n\n\n\n<div class=\"wp-block-group has-global-padding is-layout-constrained wp-block-group-is-layout-constrained\">\n<p>Szlak \u017baga\u0144 &#8211; Ma\u0142omice. SU46-032 prowadzi IC 241\/73000 &#8222;Wawel&#8221; relacji Hamburg Altona &#8211; Krak\u00f3w G\u0142\u00f3wny. Wi\u0119kszo\u015b\u0107 moich zdj\u0119\u0107 z 2003 roku jest koszmarnie skadrowanych. Po chwilowym przeb\u0142ysku w zakresie kadrowania jesieni\u0105 2002, w nast\u0119pnym roku nast\u0105pi\u0142 zdecydowany spadek formy, czego efekty wida\u0107 powy\u017cej. 01.08.2003<\/p>\n<\/div>\n","protected":false},"excerpt":{"rendered":"<p>Szlak \u017baga\u0144 &#8211; Ma\u0142omice. SU46-032 prowadzi IC 241\/73000 &#8222;Wawel&#8221; relacji Hamburg Altona &#8211; Krak\u00f3w G\u0142\u00f3wny. Wi\u0119kszo\u015b\u0107 moich zdj\u0119\u0107 z 2003 roku jest koszmarnie skadrowanych. Po chwilowym przeb\u0142ysku w zakresie kadrowania jesieni\u0105 2002, w nast\u0119pnym roku nast\u0105pi\u0142 zdecydowany spadek formy, czego efekty wida\u0107 powy\u017cej. 01.08.2003<\/p>\n","protected":false},"author":1,"featured_media":16067,"comment_status":"open","ping_status":"","sticky":false,"template":"","format":"standard","meta":{"footnotes":""},"categories":[62,2,149],"tags":[2466,2465,63,27,84,356,360],"class_list":["post-16066","post","type-post","status-publish","format-standard","has-post-thumbnail","hentry","category-analog","category-kolej","category-rok-2003","tag-2003-08-01","tag-malomice","tag-pkp","tag-polska","tag-su46","tag-tab-pl270","tag-zagan"],"_links":{"self":[{"href":"https:\/\/wgphoto.pl\/t\/index.php?rest_route=\/wp\/v2\/posts\/16066","targetHints":{"allow":["GET"]}}],"collection":[{"href":"https:\/\/wgphoto.pl\/t\/index.php?rest_route=\/wp\/v2\/posts"}],"about":[{"href":"https:\/\/wgphoto.pl\/t\/index.php?rest_route=\/wp\/v2\/types\/post"}],"author":[{"embeddable":true,"href":"https:\/\/wgphoto.pl\/t\/index.php?rest_route=\/wp\/v2\/users\/1"}],"replies":[{"embeddable":true,"href":"https:\/\/wgphoto.pl\/t\/index.php?rest_route=%2Fwp%2Fv2%2Fcomments&post=16066"}],"version-history":[{"count":1,"href":"https:\/\/wgphoto.pl\/t\/index.php?rest_route=\/wp\/v2\/posts\/16066\/revisions"}],"predecessor-version":[{"id":16068,"href":"https:\/\/wgphoto.pl\/t\/index.php?rest_route=\/wp\/v2\/posts\/16066\/revisions\/16068"}],"wp:featuredmedia":[{"embeddable":true,"href":"https:\/\/wgphoto.pl\/t\/index.php?rest_route=\/wp\/v2\/media\/16067"}],"wp:attachment":[{"href":"https:\/\/wgphoto.pl\/t\/index.php?rest_route=%2Fwp%2Fv2%2Fmedia&parent=16066"}],"wp:term":[{"taxonomy":"category","embeddable":true,"href":"https:\/\/wgphoto.pl\/t\/index.php?rest_route=%2Fwp%2Fv2%2Fcategories&post=16066"},{"taxonomy":"post_tag","embeddable":true,"href":"https:\/\/wgphoto.pl\/t\/index.php?rest_route=%2Fwp%2Fv2%2Ftags&post=16066"}],"curies":[{"name":"wp","href":"https:\/\/api.w.org\/{rel}","templated":true}]}}