{"id":16075,"date":"2025-04-09T22:24:32","date_gmt":"2025-04-09T20:24:32","guid":{"rendered":"https:\/\/wgphoto.pl\/t\/?p=16075"},"modified":"2025-04-09T22:24:32","modified_gmt":"2025-04-09T20:24:32","slug":"kiedys-tez-bylam-mloda","status":"publish","type":"post","link":"https:\/\/wgphoto.pl\/t\/?p=16075","title":{"rendered":"Kiedy\u015b te\u017c by\u0142am m\u0142oda"},"content":{"rendered":"\n<figure class=\"wp-block-image aligncenter size-full\"><img loading=\"lazy\" decoding=\"async\" width=\"1200\" height=\"800\" src=\"https:\/\/wgphoto.pl\/t\/wp-content\/uploads\/2025\/04\/0738-25.jpg\" alt=\"\" class=\"wp-image-16076\" srcset=\"https:\/\/wgphoto.pl\/t\/wp-content\/uploads\/2025\/04\/0738-25.jpg 1200w, https:\/\/wgphoto.pl\/t\/wp-content\/uploads\/2025\/04\/0738-25-300x200.jpg 300w, https:\/\/wgphoto.pl\/t\/wp-content\/uploads\/2025\/04\/0738-25-768x512.jpg 768w\" sizes=\"auto, (max-width: 1200px) 100vw, 1200px\" \/><\/figure>\n\n\n\n<div class=\"wp-block-group has-global-padding is-layout-constrained wp-block-group-is-layout-constrained\">\n<p>Niemaj\u0105ca jeszcze roku \u0160koda 3013 jedzie przez plac Powsta\u0144c\u00f3w Wielkopolskich, kt\u00f3ry niedawno zosta\u0142 oddany do ruchu po przebudowie. Cho\u0107 ci\u0119\u017cko w to uwierzy\u0107, maj\u0105c na uwadze tragiczny stan wi\u0119kszo\u015bci krzy\u017cownic w obr\u0119bie placu, ten remont zako\u0144czy\u0142 si\u0119 ledwie ponad 10 lat temu. [opis z 2018] 22.12.2007<\/p>\n<\/div>\n","protected":false},"excerpt":{"rendered":"<p>Niemaj\u0105ca jeszcze roku \u0160koda 3013 jedzie przez plac Powsta\u0144c\u00f3w Wielkopolskich, kt\u00f3ry niedawno zosta\u0142 oddany do ruchu po przebudowie. Cho\u0107 ci\u0119\u017cko w to uwierzy\u0107, maj\u0105c na uwadze tragiczny stan wi\u0119kszo\u015bci krzy\u017cownic w obr\u0119bie placu, ten remont zako\u0144czy\u0142 si\u0119 ledwie ponad 10 lat temu. [opis z 2018] 22.12.2007<\/p>\n","protected":false},"author":1,"featured_media":16076,"comment_status":"open","ping_status":"","sticky":false,"template":"","format":"standard","meta":{"footnotes":""},"categories":[62,96,3],"tags":[3671,42,27,215,216,41],"class_list":["post-16075","post","type-post","status-publish","format-standard","has-post-thumbnail","hentry","category-analog","category-rok-2007","category-tramwaj","tag-2007-12-22","tag-mpk-wroclaw","tag-polska","tag-skoda-16t","tag-skoda-elektra","tag-wroclaw"],"_links":{"self":[{"href":"https:\/\/wgphoto.pl\/t\/index.php?rest_route=\/wp\/v2\/posts\/16075","targetHints":{"allow":["GET"]}}],"collection":[{"href":"https:\/\/wgphoto.pl\/t\/index.php?rest_route=\/wp\/v2\/posts"}],"about":[{"href":"https:\/\/wgphoto.pl\/t\/index.php?rest_route=\/wp\/v2\/types\/post"}],"author":[{"embeddable":true,"href":"https:\/\/wgphoto.pl\/t\/index.php?rest_route=\/wp\/v2\/users\/1"}],"replies":[{"embeddable":true,"href":"https:\/\/wgphoto.pl\/t\/index.php?rest_route=%2Fwp%2Fv2%2Fcomments&post=16075"}],"version-history":[{"count":1,"href":"https:\/\/wgphoto.pl\/t\/index.php?rest_route=\/wp\/v2\/posts\/16075\/revisions"}],"predecessor-version":[{"id":16077,"href":"https:\/\/wgphoto.pl\/t\/index.php?rest_route=\/wp\/v2\/posts\/16075\/revisions\/16077"}],"wp:featuredmedia":[{"embeddable":true,"href":"https:\/\/wgphoto.pl\/t\/index.php?rest_route=\/wp\/v2\/media\/16076"}],"wp:attachment":[{"href":"https:\/\/wgphoto.pl\/t\/index.php?rest_route=%2Fwp%2Fv2%2Fmedia&parent=16075"}],"wp:term":[{"taxonomy":"category","embeddable":true,"href":"https:\/\/wgphoto.pl\/t\/index.php?rest_route=%2Fwp%2Fv2%2Fcategories&post=16075"},{"taxonomy":"post_tag","embeddable":true,"href":"https:\/\/wgphoto.pl\/t\/index.php?rest_route=%2Fwp%2Fv2%2Ftags&post=16075"}],"curies":[{"name":"wp","href":"https:\/\/api.w.org\/{rel}","templated":true}]}}