{"id":16098,"date":"2025-04-10T16:46:05","date_gmt":"2025-04-10T14:46:05","guid":{"rendered":"https:\/\/wgphoto.pl\/t\/?p=16098"},"modified":"2025-04-10T16:46:05","modified_gmt":"2025-04-10T14:46:05","slug":"letni-poranek-w-veseli-nad-moravou","status":"publish","type":"post","link":"https:\/\/wgphoto.pl\/t\/?p=16098","title":{"rendered":"Letni poranek w Vesel\u00ed nad Moravou"},"content":{"rendered":"\n<figure class=\"wp-block-image aligncenter size-full\"><img loading=\"lazy\" decoding=\"async\" width=\"1200\" height=\"803\" src=\"https:\/\/wgphoto.pl\/t\/wp-content\/uploads\/2025\/04\/IMGP4726.jpg\" alt=\"\" class=\"wp-image-16099\" srcset=\"https:\/\/wgphoto.pl\/t\/wp-content\/uploads\/2025\/04\/IMGP4726.jpg 1200w, https:\/\/wgphoto.pl\/t\/wp-content\/uploads\/2025\/04\/IMGP4726-300x201.jpg 300w, https:\/\/wgphoto.pl\/t\/wp-content\/uploads\/2025\/04\/IMGP4726-768x514.jpg 768w\" sizes=\"auto, (max-width: 1200px) 100vw, 1200px\" \/><\/figure>\n\n\n\n<div class=\"wp-block-group has-global-padding is-layout-constrained wp-block-group-is-layout-constrained\">\n<p>Lokomotywa 742 402-1 poprowadzi poci\u0105g osobowy 4303 do Bylnic, zestawiony z trzech doczep serii Btax (jad\u0105cych w zast\u0119pstwie sk\u0142adu 842+Bmx) oraz motoraka 810 z dwoma kolejnymi doczepami, podsy\u0142anych planowo do Bojkovic. Tutejsza stacja posiada wyj\u0105tkowo rozbudowan\u0105 infrastruktur\u0119 pasa\u017cersk\u0105 jak na Czechy &#8211; trzy d\u0142ugie i szerokie perony wraz z cz\u0119\u015bciowym zadaszeniem. Wn\u0119trze budynku dworca r\u00f3wnie\u017c jest interesuj\u0105ce. 15.07.2013<\/p>\n<\/div>\n","protected":false},"excerpt":{"rendered":"<p>Lokomotywa 742 402-1 poprowadzi poci\u0105g osobowy 4303 do Bylnic, zestawiony z trzech doczep serii Btax (jad\u0105cych w zast\u0119pstwie sk\u0142adu 842+Bmx) oraz motoraka 810 z dwoma kolejnymi doczepami, podsy\u0142anych planowo do Bojkovic. Tutejsza stacja posiada wyj\u0105tkowo rozbudowan\u0105 infrastruktur\u0119 pasa\u017cersk\u0105 jak na Czechy &#8211; trzy d\u0142ugie i szerokie perony wraz z cz\u0119\u015bciowym zadaszeniem. Wn\u0119trze budynku dworca r\u00f3wnie\u017c [&hellip;]<\/p>\n","protected":false},"author":1,"featured_media":16099,"comment_status":"open","ping_status":"","sticky":false,"template":"","format":"standard","meta":{"footnotes":""},"categories":[2,55],"tags":[816,496,50,49,176,336,1615],"class_list":["post-16098","post","type-post","status-publish","format-standard","has-post-thumbnail","hentry","category-kolej","category-rok-2013","tag-2013-07-15","tag-496","tag-cd","tag-czechy","tag-rano","tag-tab-cz340","tag-veseli-nad-moravou"],"_links":{"self":[{"href":"https:\/\/wgphoto.pl\/t\/index.php?rest_route=\/wp\/v2\/posts\/16098","targetHints":{"allow":["GET"]}}],"collection":[{"href":"https:\/\/wgphoto.pl\/t\/index.php?rest_route=\/wp\/v2\/posts"}],"about":[{"href":"https:\/\/wgphoto.pl\/t\/index.php?rest_route=\/wp\/v2\/types\/post"}],"author":[{"embeddable":true,"href":"https:\/\/wgphoto.pl\/t\/index.php?rest_route=\/wp\/v2\/users\/1"}],"replies":[{"embeddable":true,"href":"https:\/\/wgphoto.pl\/t\/index.php?rest_route=%2Fwp%2Fv2%2Fcomments&post=16098"}],"version-history":[{"count":1,"href":"https:\/\/wgphoto.pl\/t\/index.php?rest_route=\/wp\/v2\/posts\/16098\/revisions"}],"predecessor-version":[{"id":16100,"href":"https:\/\/wgphoto.pl\/t\/index.php?rest_route=\/wp\/v2\/posts\/16098\/revisions\/16100"}],"wp:featuredmedia":[{"embeddable":true,"href":"https:\/\/wgphoto.pl\/t\/index.php?rest_route=\/wp\/v2\/media\/16099"}],"wp:attachment":[{"href":"https:\/\/wgphoto.pl\/t\/index.php?rest_route=%2Fwp%2Fv2%2Fmedia&parent=16098"}],"wp:term":[{"taxonomy":"category","embeddable":true,"href":"https:\/\/wgphoto.pl\/t\/index.php?rest_route=%2Fwp%2Fv2%2Fcategories&post=16098"},{"taxonomy":"post_tag","embeddable":true,"href":"https:\/\/wgphoto.pl\/t\/index.php?rest_route=%2Fwp%2Fv2%2Ftags&post=16098"}],"curies":[{"name":"wp","href":"https:\/\/api.w.org\/{rel}","templated":true}]}}