{"id":16104,"date":"2025-04-10T16:47:59","date_gmt":"2025-04-10T14:47:59","guid":{"rendered":"https:\/\/wgphoto.pl\/t\/?p=16104"},"modified":"2026-02-22T23:12:54","modified_gmt":"2026-02-22T22:12:54","slug":"stadtpark","status":"publish","type":"post","link":"https:\/\/wgphoto.pl\/t\/?p=16104","title":{"rendered":"Stadtpark"},"content":{"rendered":"\n<figure class=\"wp-block-image aligncenter size-full\"><img loading=\"lazy\" decoding=\"async\" width=\"1200\" height=\"795\" src=\"https:\/\/wgphoto.pl\/t\/wp-content\/uploads\/2025\/04\/IMGP2053.jpg\" alt=\"\" class=\"wp-image-16105\" srcset=\"https:\/\/wgphoto.pl\/t\/wp-content\/uploads\/2025\/04\/IMGP2053.jpg 1200w, https:\/\/wgphoto.pl\/t\/wp-content\/uploads\/2025\/04\/IMGP2053-300x199.jpg 300w, https:\/\/wgphoto.pl\/t\/wp-content\/uploads\/2025\/04\/IMGP2053-768x509.jpg 768w\" sizes=\"auto, (max-width: 1200px) 100vw, 1200px\" \/><\/figure>\n\n\n\n<div class=\"wp-block-group has-global-padding is-layout-constrained wp-block-group-is-layout-constrained\">\n<p>Poci\u0105g linii U4 wyjecha\u0142 na chwil\u0119 z p\u0142ytkiego tunelu i zatrzymuje si\u0119 na przystanku Stadtpark. Niegdy\u015b kursowa\u0142a t\u0119dy wiede\u0144ska Stadtbahn, kt\u00f3rej sk\u0142ady by\u0142y kr\u00f3tsze od obecnego 6-wagonowego metra. Z \u0142atwo\u015bci\u0105 mo\u017cna dostrzec gdzie ko\u0144czy si\u0119 dawny peron. 28.12.2013<\/p>\n<\/div>\n","protected":false},"excerpt":{"rendered":"<p>Poci\u0105g linii U4 wyjecha\u0142 na chwil\u0119 z p\u0142ytkiego tunelu i zatrzymuje si\u0119 na przystanku Stadtpark. Niegdy\u015b kursowa\u0142a t\u0119dy wiede\u0144ska Stadtbahn, kt\u00f3rej sk\u0142ady by\u0142y kr\u00f3tsze od obecnego 6-wagonowego metra. Z \u0142atwo\u015bci\u0105 mo\u017cna dostrzec gdzie ko\u0144czy si\u0119 dawny peron. 28.12.2013<\/p>\n","protected":false},"author":1,"featured_media":16105,"comment_status":"open","ping_status":"","sticky":false,"template":"","format":"standard","meta":{"footnotes":""},"categories":[4,55],"tags":[587,9,91,99,4679,90,97,98],"class_list":["post-16104","post","type-post","status-publish","format-standard","has-post-thumbnail","hentry","category-metro","category-rok-2013","tag-2013-12-28","tag-austria","tag-blue-hour","tag-u-bahn-wien","tag-v","tag-wieczorem","tag-wieden","tag-wiener-linien"],"_links":{"self":[{"href":"https:\/\/wgphoto.pl\/t\/index.php?rest_route=\/wp\/v2\/posts\/16104","targetHints":{"allow":["GET"]}}],"collection":[{"href":"https:\/\/wgphoto.pl\/t\/index.php?rest_route=\/wp\/v2\/posts"}],"about":[{"href":"https:\/\/wgphoto.pl\/t\/index.php?rest_route=\/wp\/v2\/types\/post"}],"author":[{"embeddable":true,"href":"https:\/\/wgphoto.pl\/t\/index.php?rest_route=\/wp\/v2\/users\/1"}],"replies":[{"embeddable":true,"href":"https:\/\/wgphoto.pl\/t\/index.php?rest_route=%2Fwp%2Fv2%2Fcomments&post=16104"}],"version-history":[{"count":1,"href":"https:\/\/wgphoto.pl\/t\/index.php?rest_route=\/wp\/v2\/posts\/16104\/revisions"}],"predecessor-version":[{"id":16106,"href":"https:\/\/wgphoto.pl\/t\/index.php?rest_route=\/wp\/v2\/posts\/16104\/revisions\/16106"}],"wp:featuredmedia":[{"embeddable":true,"href":"https:\/\/wgphoto.pl\/t\/index.php?rest_route=\/wp\/v2\/media\/16105"}],"wp:attachment":[{"href":"https:\/\/wgphoto.pl\/t\/index.php?rest_route=%2Fwp%2Fv2%2Fmedia&parent=16104"}],"wp:term":[{"taxonomy":"category","embeddable":true,"href":"https:\/\/wgphoto.pl\/t\/index.php?rest_route=%2Fwp%2Fv2%2Fcategories&post=16104"},{"taxonomy":"post_tag","embeddable":true,"href":"https:\/\/wgphoto.pl\/t\/index.php?rest_route=%2Fwp%2Fv2%2Ftags&post=16104"}],"curies":[{"name":"wp","href":"https:\/\/api.w.org\/{rel}","templated":true}]}}