{"id":16113,"date":"2025-04-10T16:50:37","date_gmt":"2025-04-10T14:50:37","guid":{"rendered":"https:\/\/wgphoto.pl\/t\/?p=16113"},"modified":"2025-04-10T16:50:37","modified_gmt":"2025-04-10T14:50:37","slug":"gotaalvbron","status":"publish","type":"post","link":"https:\/\/wgphoto.pl\/t\/?p=16113","title":{"rendered":"G\u00f6ta\u00e4lvbron"},"content":{"rendered":"\n<figure class=\"wp-block-image aligncenter size-full\"><img loading=\"lazy\" decoding=\"async\" width=\"1200\" height=\"803\" src=\"https:\/\/wgphoto.pl\/t\/wp-content\/uploads\/2025\/04\/IMGP3210.jpg\" alt=\"\" class=\"wp-image-16114\" srcset=\"https:\/\/wgphoto.pl\/t\/wp-content\/uploads\/2025\/04\/IMGP3210.jpg 1200w, https:\/\/wgphoto.pl\/t\/wp-content\/uploads\/2025\/04\/IMGP3210-300x201.jpg 300w, https:\/\/wgphoto.pl\/t\/wp-content\/uploads\/2025\/04\/IMGP3210-768x514.jpg 768w\" sizes=\"auto, (max-width: 1200px) 100vw, 1200px\" \/><\/figure>\n\n\n\n<div class=\"wp-block-group has-global-padding is-layout-constrained wp-block-group-is-layout-constrained\">\n<p>Tramwaje dw\u00f3ch starszych generacji &#8211; wysokopod\u0142ogowy typu M29, nosz\u0105cy jeszcze stare malowanie, oraz niskowej\u015bciowy typu M31 &#8211; przeprawiaj\u0105 si\u0119 zwodzonym mostem nad rzek\u0105 G\u00f6ta \u00e4lv. Zerkn\u0105\u0142em teraz na map\u0119 i widz\u0119, \u017ce obok buduje si\u0119 nowa przeprawa, zapewne ju\u017c bez prz\u0119s\u0142a zwodzonego. 21.08.2011<\/p>\n<\/div>\n","protected":false},"excerpt":{"rendered":"<p>Tramwaje dw\u00f3ch starszych generacji &#8211; wysokopod\u0142ogowy typu M29, nosz\u0105cy jeszcze stare malowanie, oraz niskowej\u015bciowy typu M31 &#8211; przeprawiaj\u0105 si\u0119 zwodzonym mostem nad rzek\u0105 G\u00f6ta \u00e4lv. Zerkn\u0105\u0142em teraz na map\u0119 i widz\u0119, \u017ce obok buduje si\u0119 nowa przeprawa, zapewne ju\u017c bez prz\u0119s\u0142a zwodzonego. 21.08.2011<\/p>\n","protected":false},"author":1,"featured_media":16114,"comment_status":"open","ping_status":"","sticky":false,"template":"","format":"standard","meta":{"footnotes":""},"categories":[77,3],"tags":[1595,1591,1594,1597,1593,389,45,685],"class_list":["post-16113","post","type-post","status-publish","format-standard","has-post-thumbnail","hentry","category-rok-2011","category-tramwaj","tag-2011-08-21","tag-goteborg","tag-gs-goteborg","tag-m29","tag-m31","tag-mijanka","tag-most","tag-szwecja"],"_links":{"self":[{"href":"https:\/\/wgphoto.pl\/t\/index.php?rest_route=\/wp\/v2\/posts\/16113","targetHints":{"allow":["GET"]}}],"collection":[{"href":"https:\/\/wgphoto.pl\/t\/index.php?rest_route=\/wp\/v2\/posts"}],"about":[{"href":"https:\/\/wgphoto.pl\/t\/index.php?rest_route=\/wp\/v2\/types\/post"}],"author":[{"embeddable":true,"href":"https:\/\/wgphoto.pl\/t\/index.php?rest_route=\/wp\/v2\/users\/1"}],"replies":[{"embeddable":true,"href":"https:\/\/wgphoto.pl\/t\/index.php?rest_route=%2Fwp%2Fv2%2Fcomments&post=16113"}],"version-history":[{"count":1,"href":"https:\/\/wgphoto.pl\/t\/index.php?rest_route=\/wp\/v2\/posts\/16113\/revisions"}],"predecessor-version":[{"id":16115,"href":"https:\/\/wgphoto.pl\/t\/index.php?rest_route=\/wp\/v2\/posts\/16113\/revisions\/16115"}],"wp:featuredmedia":[{"embeddable":true,"href":"https:\/\/wgphoto.pl\/t\/index.php?rest_route=\/wp\/v2\/media\/16114"}],"wp:attachment":[{"href":"https:\/\/wgphoto.pl\/t\/index.php?rest_route=%2Fwp%2Fv2%2Fmedia&parent=16113"}],"wp:term":[{"taxonomy":"category","embeddable":true,"href":"https:\/\/wgphoto.pl\/t\/index.php?rest_route=%2Fwp%2Fv2%2Fcategories&post=16113"},{"taxonomy":"post_tag","embeddable":true,"href":"https:\/\/wgphoto.pl\/t\/index.php?rest_route=%2Fwp%2Fv2%2Ftags&post=16113"}],"curies":[{"name":"wp","href":"https:\/\/api.w.org\/{rel}","templated":true}]}}