{"id":16116,"date":"2025-04-10T16:51:30","date_gmt":"2025-04-10T14:51:30","guid":{"rendered":"https:\/\/wgphoto.pl\/t\/?p=16116"},"modified":"2025-04-10T16:51:30","modified_gmt":"2025-04-10T14:51:30","slug":"brunnsparken","status":"publish","type":"post","link":"https:\/\/wgphoto.pl\/t\/?p=16116","title":{"rendered":"Brunnsparken"},"content":{"rendered":"\n<figure class=\"wp-block-image aligncenter size-full\"><img loading=\"lazy\" decoding=\"async\" width=\"1200\" height=\"803\" src=\"https:\/\/wgphoto.pl\/t\/wp-content\/uploads\/2025\/04\/IMGP3166.jpg\" alt=\"\" class=\"wp-image-16117\" srcset=\"https:\/\/wgphoto.pl\/t\/wp-content\/uploads\/2025\/04\/IMGP3166.jpg 1200w, https:\/\/wgphoto.pl\/t\/wp-content\/uploads\/2025\/04\/IMGP3166-300x201.jpg 300w, https:\/\/wgphoto.pl\/t\/wp-content\/uploads\/2025\/04\/IMGP3166-768x514.jpg 768w\" sizes=\"auto, (max-width: 1200px) 100vw, 1200px\" \/><\/figure>\n\n\n\n<div class=\"wp-block-group has-global-padding is-layout-constrained wp-block-group-is-layout-constrained\">\n<p>Tramwaj linii 3 przeje\u017cd\u017ca powoli przez g\u0142\u00f3wny w\u0119ze\u0142 przesiadkowy g\u00f6teborskiej sieci, zorganizowany w strefie pieszej. Spotyka si\u0119 tu 11 spo\u015br\u00f3d 12 tutejszych linii tramwajowych oraz kilka autobusowych, a cz\u0119stotliwo\u015b\u0107 kursowania jest tak du\u017ca, \u017ce od dworca centralnego (z g\u0142\u0119bi kadru) prowadzi tutaj tramwajowy czterotor (po dwa tory po obu stronach kana\u0142u). \u017badna sygnalizacja \u015bwietlna by tego nie ud\u017awign\u0119\u0142a, wi\u0119c \u015bwiate\u0142 po prostu tutaj nie ma. 2011-08-21<\/p>\n<\/div>\n","protected":false},"excerpt":{"rendered":"<p>Tramwaj linii 3 przeje\u017cd\u017ca powoli przez g\u0142\u00f3wny w\u0119ze\u0142 przesiadkowy g\u00f6teborskiej sieci, zorganizowany w strefie pieszej. Spotyka si\u0119 tu 11 spo\u015br\u00f3d 12 tutejszych linii tramwajowych oraz kilka autobusowych, a cz\u0119stotliwo\u015b\u0107 kursowania jest tak du\u017ca, \u017ce od dworca centralnego (z g\u0142\u0119bi kadru) prowadzi tutaj tramwajowy czterotor (po dwa tory po obu stronach kana\u0142u). \u017badna sygnalizacja \u015bwietlna by [&hellip;]<\/p>\n","protected":false},"author":1,"featured_media":16117,"comment_status":"open","ping_status":"","sticky":false,"template":"","format":"standard","meta":{"footnotes":""},"categories":[77,3],"tags":[1595,1591,1594,1593,685],"class_list":["post-16116","post","type-post","status-publish","format-standard","has-post-thumbnail","hentry","category-rok-2011","category-tramwaj","tag-2011-08-21","tag-goteborg","tag-gs-goteborg","tag-m31","tag-szwecja"],"_links":{"self":[{"href":"https:\/\/wgphoto.pl\/t\/index.php?rest_route=\/wp\/v2\/posts\/16116","targetHints":{"allow":["GET"]}}],"collection":[{"href":"https:\/\/wgphoto.pl\/t\/index.php?rest_route=\/wp\/v2\/posts"}],"about":[{"href":"https:\/\/wgphoto.pl\/t\/index.php?rest_route=\/wp\/v2\/types\/post"}],"author":[{"embeddable":true,"href":"https:\/\/wgphoto.pl\/t\/index.php?rest_route=\/wp\/v2\/users\/1"}],"replies":[{"embeddable":true,"href":"https:\/\/wgphoto.pl\/t\/index.php?rest_route=%2Fwp%2Fv2%2Fcomments&post=16116"}],"version-history":[{"count":1,"href":"https:\/\/wgphoto.pl\/t\/index.php?rest_route=\/wp\/v2\/posts\/16116\/revisions"}],"predecessor-version":[{"id":16118,"href":"https:\/\/wgphoto.pl\/t\/index.php?rest_route=\/wp\/v2\/posts\/16116\/revisions\/16118"}],"wp:featuredmedia":[{"embeddable":true,"href":"https:\/\/wgphoto.pl\/t\/index.php?rest_route=\/wp\/v2\/media\/16117"}],"wp:attachment":[{"href":"https:\/\/wgphoto.pl\/t\/index.php?rest_route=%2Fwp%2Fv2%2Fmedia&parent=16116"}],"wp:term":[{"taxonomy":"category","embeddable":true,"href":"https:\/\/wgphoto.pl\/t\/index.php?rest_route=%2Fwp%2Fv2%2Fcategories&post=16116"},{"taxonomy":"post_tag","embeddable":true,"href":"https:\/\/wgphoto.pl\/t\/index.php?rest_route=%2Fwp%2Fv2%2Ftags&post=16116"}],"curies":[{"name":"wp","href":"https:\/\/api.w.org\/{rel}","templated":true}]}}