{"id":16134,"date":"2025-04-10T16:57:49","date_gmt":"2025-04-10T14:57:49","guid":{"rendered":"https:\/\/wgphoto.pl\/t\/?p=16134"},"modified":"2025-04-10T16:57:49","modified_gmt":"2025-04-10T14:57:49","slug":"gg","status":"publish","type":"post","link":"https:\/\/wgphoto.pl\/t\/?p=16134","title":{"rendered":"Gg"},"content":{"rendered":"\n<figure class=\"wp-block-image aligncenter size-full\"><img loading=\"lazy\" decoding=\"async\" width=\"1200\" height=\"800\" src=\"https:\/\/wgphoto.pl\/t\/wp-content\/uploads\/2025\/04\/0806-17a.jpg\" alt=\"\" class=\"wp-image-16135\" srcset=\"https:\/\/wgphoto.pl\/t\/wp-content\/uploads\/2025\/04\/0806-17a.jpg 1200w, https:\/\/wgphoto.pl\/t\/wp-content\/uploads\/2025\/04\/0806-17a-300x200.jpg 300w, https:\/\/wgphoto.pl\/t\/wp-content\/uploads\/2025\/04\/0806-17a-768x512.jpg 768w\" sizes=\"auto, (max-width: 1200px) 100vw, 1200px\" \/><\/figure>\n\n\n\n<div class=\"wp-block-group has-global-padding is-layout-constrained wp-block-group-is-layout-constrained\">\n<p>EU07-004 z poci\u0105giem IC 37001 &#8222;Wawel&#8221; relacji Krak\u00f3w G\u0142. &#8211; Hamburg-Altona mija perony Gogolina. 01.05.2008<\/p>\n<\/div>\n","protected":false},"excerpt":{"rendered":"<p>EU07-004 z poci\u0105giem IC 37001 &#8222;Wawel&#8221; relacji Krak\u00f3w G\u0142. &#8211; Hamburg-Altona mija perony Gogolina. 01.05.2008<\/p>\n","protected":false},"author":1,"featured_media":16135,"comment_status":"open","ping_status":"","sticky":false,"template":"","format":"standard","meta":{"footnotes":""},"categories":[62,2,120],"tags":[3215,122,1865,63,27,711],"class_list":["post-16134","post","type-post","status-publish","format-standard","has-post-thumbnail","hentry","category-analog","category-kolej","category-rok-2008","tag-2008-05-01","tag-eu07","tag-gogolin","tag-pkp","tag-polska","tag-tab-pl220"],"_links":{"self":[{"href":"https:\/\/wgphoto.pl\/t\/index.php?rest_route=\/wp\/v2\/posts\/16134","targetHints":{"allow":["GET"]}}],"collection":[{"href":"https:\/\/wgphoto.pl\/t\/index.php?rest_route=\/wp\/v2\/posts"}],"about":[{"href":"https:\/\/wgphoto.pl\/t\/index.php?rest_route=\/wp\/v2\/types\/post"}],"author":[{"embeddable":true,"href":"https:\/\/wgphoto.pl\/t\/index.php?rest_route=\/wp\/v2\/users\/1"}],"replies":[{"embeddable":true,"href":"https:\/\/wgphoto.pl\/t\/index.php?rest_route=%2Fwp%2Fv2%2Fcomments&post=16134"}],"version-history":[{"count":1,"href":"https:\/\/wgphoto.pl\/t\/index.php?rest_route=\/wp\/v2\/posts\/16134\/revisions"}],"predecessor-version":[{"id":16136,"href":"https:\/\/wgphoto.pl\/t\/index.php?rest_route=\/wp\/v2\/posts\/16134\/revisions\/16136"}],"wp:featuredmedia":[{"embeddable":true,"href":"https:\/\/wgphoto.pl\/t\/index.php?rest_route=\/wp\/v2\/media\/16135"}],"wp:attachment":[{"href":"https:\/\/wgphoto.pl\/t\/index.php?rest_route=%2Fwp%2Fv2%2Fmedia&parent=16134"}],"wp:term":[{"taxonomy":"category","embeddable":true,"href":"https:\/\/wgphoto.pl\/t\/index.php?rest_route=%2Fwp%2Fv2%2Fcategories&post=16134"},{"taxonomy":"post_tag","embeddable":true,"href":"https:\/\/wgphoto.pl\/t\/index.php?rest_route=%2Fwp%2Fv2%2Ftags&post=16134"}],"curies":[{"name":"wp","href":"https:\/\/api.w.org\/{rel}","templated":true}]}}