{"id":16143,"date":"2025-04-10T17:00:19","date_gmt":"2025-04-10T15:00:19","guid":{"rendered":"https:\/\/wgphoto.pl\/t\/?p=16143"},"modified":"2025-04-10T17:00:19","modified_gmt":"2025-04-10T15:00:19","slug":"dobre-rano-w-brzezince","status":"publish","type":"post","link":"https:\/\/wgphoto.pl\/t\/?p=16143","title":{"rendered":"Dobre rano w Brzezince"},"content":{"rendered":"\n<figure class=\"wp-block-image aligncenter size-full\"><img loading=\"lazy\" decoding=\"async\" width=\"1200\" height=\"800\" src=\"https:\/\/wgphoto.pl\/t\/wp-content\/uploads\/2025\/04\/0806-24a.jpg\" alt=\"\" class=\"wp-image-16144\" srcset=\"https:\/\/wgphoto.pl\/t\/wp-content\/uploads\/2025\/04\/0806-24a.jpg 1200w, https:\/\/wgphoto.pl\/t\/wp-content\/uploads\/2025\/04\/0806-24a-300x200.jpg 300w, https:\/\/wgphoto.pl\/t\/wp-content\/uploads\/2025\/04\/0806-24a-768x512.jpg 768w\" sizes=\"auto, (max-width: 1200px) 100vw, 1200px\" \/><\/figure>\n\n\n\n<div class=\"wp-block-group has-global-padding is-layout-constrained wp-block-group-is-layout-constrained\">\n<p>&#8222;\u015al\u0105zak&#8221; z Zielonej G\u00f3ry do Przemy\u015bla, prowadzony tego dnia EP07-1011, mija na biegu Brzezink\u0119 \u015aredzk\u0105. 02.05.2008<\/p>\n<\/div>\n","protected":false},"excerpt":{"rendered":"<p>&#8222;\u015al\u0105zak&#8221; z Zielonej G\u00f3ry do Przemy\u015bla, prowadzony tego dnia EP07-1011, mija na biegu Brzezink\u0119 \u015aredzk\u0105. 02.05.2008<\/p>\n","protected":false},"author":1,"featured_media":16144,"comment_status":"open","ping_status":"","sticky":false,"template":"","format":"standard","meta":{"footnotes":""},"categories":[62,2,120],"tags":[2259,283,2128,124,63,27,1024,294],"class_list":["post-16143","post","type-post","status-publish","format-standard","has-post-thumbnail","hentry","category-analog","category-kolej","category-rok-2008","tag-2008-05-02","tag-bdhpmnu","tag-brzezinka-sredzka","tag-ep07","tag-pkp","tag-polska","tag-tab-pl265","tag-wiosna"],"_links":{"self":[{"href":"https:\/\/wgphoto.pl\/t\/index.php?rest_route=\/wp\/v2\/posts\/16143","targetHints":{"allow":["GET"]}}],"collection":[{"href":"https:\/\/wgphoto.pl\/t\/index.php?rest_route=\/wp\/v2\/posts"}],"about":[{"href":"https:\/\/wgphoto.pl\/t\/index.php?rest_route=\/wp\/v2\/types\/post"}],"author":[{"embeddable":true,"href":"https:\/\/wgphoto.pl\/t\/index.php?rest_route=\/wp\/v2\/users\/1"}],"replies":[{"embeddable":true,"href":"https:\/\/wgphoto.pl\/t\/index.php?rest_route=%2Fwp%2Fv2%2Fcomments&post=16143"}],"version-history":[{"count":1,"href":"https:\/\/wgphoto.pl\/t\/index.php?rest_route=\/wp\/v2\/posts\/16143\/revisions"}],"predecessor-version":[{"id":16145,"href":"https:\/\/wgphoto.pl\/t\/index.php?rest_route=\/wp\/v2\/posts\/16143\/revisions\/16145"}],"wp:featuredmedia":[{"embeddable":true,"href":"https:\/\/wgphoto.pl\/t\/index.php?rest_route=\/wp\/v2\/media\/16144"}],"wp:attachment":[{"href":"https:\/\/wgphoto.pl\/t\/index.php?rest_route=%2Fwp%2Fv2%2Fmedia&parent=16143"}],"wp:term":[{"taxonomy":"category","embeddable":true,"href":"https:\/\/wgphoto.pl\/t\/index.php?rest_route=%2Fwp%2Fv2%2Fcategories&post=16143"},{"taxonomy":"post_tag","embeddable":true,"href":"https:\/\/wgphoto.pl\/t\/index.php?rest_route=%2Fwp%2Fv2%2Ftags&post=16143"}],"curies":[{"name":"wp","href":"https:\/\/api.w.org\/{rel}","templated":true}]}}