{"id":16146,"date":"2025-04-10T17:01:21","date_gmt":"2025-04-10T15:01:21","guid":{"rendered":"https:\/\/wgphoto.pl\/t\/?p=16146"},"modified":"2025-04-10T17:01:21","modified_gmt":"2025-04-10T15:01:21","slug":"trasa-pedniowa","status":"publish","type":"post","link":"https:\/\/wgphoto.pl\/t\/?p=16146","title":{"rendered":"Trasa p\u0119dniowa"},"content":{"rendered":"\n<figure class=\"wp-block-image aligncenter size-full\"><img loading=\"lazy\" decoding=\"async\" width=\"675\" height=\"900\" src=\"https:\/\/wgphoto.pl\/t\/wp-content\/uploads\/2025\/04\/IMGP0350.jpg\" alt=\"\" class=\"wp-image-16147\" srcset=\"https:\/\/wgphoto.pl\/t\/wp-content\/uploads\/2025\/04\/IMGP0350.jpg 675w, https:\/\/wgphoto.pl\/t\/wp-content\/uploads\/2025\/04\/IMGP0350-225x300.jpg 225w\" sizes=\"auto, (max-width: 675px) 100vw, 675px\" \/><\/figure>\n\n\n\n<div class=\"wp-block-group has-global-padding is-layout-constrained wp-block-group-is-layout-constrained\">\n<p>W roli g\u0142\u00f3wnej wyst\u0119puje poci\u0105g osobowy do Hradce Kr\u00e1lov\u00e9. W wyniku prac torowych na wcze\u015bniejszym odcinku poci\u0105gi zaczyna\u0142y tutaj bieg. Lokomotywa z ty\u0142u sk\u0142adu po odje\u017adzie poci\u0105gu przestawi si\u0119 na tor 1, gdzie czekaj\u0105 na ni\u0105 wagony schowane za tymi ze zdj\u0119cia. \u010cermn\u00e1 nad Orlic\u00ed, 25.10.2009<\/p>\n<\/div>\n","protected":false},"excerpt":{"rendered":"<p>W roli g\u0142\u00f3wnej wyst\u0119puje poci\u0105g osobowy do Hradce Kr\u00e1lov\u00e9. W wyniku prac torowych na wcze\u015bniejszym odcinku poci\u0105gi zaczyna\u0142y tutaj bieg. Lokomotywa z ty\u0142u sk\u0142adu po odje\u017adzie poci\u0105gu przestawi si\u0119 na tor 1, gdzie czekaj\u0105 na ni\u0105 wagony schowane za tymi ze zdj\u0119cia. \u010cermn\u00e1 nad Orlic\u00ed, 25.10.2009<\/p>\n","protected":false},"author":1,"featured_media":16147,"comment_status":"open","ping_status":"","sticky":false,"template":"","format":"standard","meta":{"footnotes":""},"categories":[2,128,169],"tags":[1401,1412,50,3329,49,230,126,3330],"class_list":["post-16146","post","type-post","status-publish","format-standard","has-post-thumbnail","hentry","category-kolej","category-pionowe","category-rok-2009","tag-1401","tag-2009-10-25","tag-cd","tag-cermna-nad-orlici","tag-czechy","tag-infrastruktura","tag-jesien","tag-tab-cz020"],"_links":{"self":[{"href":"https:\/\/wgphoto.pl\/t\/index.php?rest_route=\/wp\/v2\/posts\/16146","targetHints":{"allow":["GET"]}}],"collection":[{"href":"https:\/\/wgphoto.pl\/t\/index.php?rest_route=\/wp\/v2\/posts"}],"about":[{"href":"https:\/\/wgphoto.pl\/t\/index.php?rest_route=\/wp\/v2\/types\/post"}],"author":[{"embeddable":true,"href":"https:\/\/wgphoto.pl\/t\/index.php?rest_route=\/wp\/v2\/users\/1"}],"replies":[{"embeddable":true,"href":"https:\/\/wgphoto.pl\/t\/index.php?rest_route=%2Fwp%2Fv2%2Fcomments&post=16146"}],"version-history":[{"count":1,"href":"https:\/\/wgphoto.pl\/t\/index.php?rest_route=\/wp\/v2\/posts\/16146\/revisions"}],"predecessor-version":[{"id":16148,"href":"https:\/\/wgphoto.pl\/t\/index.php?rest_route=\/wp\/v2\/posts\/16146\/revisions\/16148"}],"wp:featuredmedia":[{"embeddable":true,"href":"https:\/\/wgphoto.pl\/t\/index.php?rest_route=\/wp\/v2\/media\/16147"}],"wp:attachment":[{"href":"https:\/\/wgphoto.pl\/t\/index.php?rest_route=%2Fwp%2Fv2%2Fmedia&parent=16146"}],"wp:term":[{"taxonomy":"category","embeddable":true,"href":"https:\/\/wgphoto.pl\/t\/index.php?rest_route=%2Fwp%2Fv2%2Fcategories&post=16146"},{"taxonomy":"post_tag","embeddable":true,"href":"https:\/\/wgphoto.pl\/t\/index.php?rest_route=%2Fwp%2Fv2%2Ftags&post=16146"}],"curies":[{"name":"wp","href":"https:\/\/api.w.org\/{rel}","templated":true}]}}