{"id":16149,"date":"2025-04-10T17:02:13","date_gmt":"2025-04-10T15:02:13","guid":{"rendered":"https:\/\/wgphoto.pl\/t\/?p=16149"},"modified":"2025-04-10T17:02:13","modified_gmt":"2025-04-10T15:02:13","slug":"semafor-hybrydowy","status":"publish","type":"post","link":"https:\/\/wgphoto.pl\/t\/?p=16149","title":{"rendered":"Semafor hybrydowy"},"content":{"rendered":"\n<figure class=\"wp-block-image aligncenter size-full\"><img loading=\"lazy\" decoding=\"async\" width=\"1200\" height=\"803\" src=\"https:\/\/wgphoto.pl\/t\/wp-content\/uploads\/2025\/04\/IMGP0354.jpg\" alt=\"\" class=\"wp-image-16150\" srcset=\"https:\/\/wgphoto.pl\/t\/wp-content\/uploads\/2025\/04\/IMGP0354.jpg 1200w, https:\/\/wgphoto.pl\/t\/wp-content\/uploads\/2025\/04\/IMGP0354-300x201.jpg 300w, https:\/\/wgphoto.pl\/t\/wp-content\/uploads\/2025\/04\/IMGP0354-768x514.jpg 768w\" sizes=\"auto, (max-width: 1200px) 100vw, 1200px\" \/><\/figure>\n\n\n\n<div class=\"wp-block-group has-global-padding is-layout-constrained wp-block-group-is-layout-constrained\">\n<p>Maszyna 163 244-7 manewruje w \u010cermnej nad Orlic\u00ed, mijaj\u0105c interesuj\u0105cy semafor wyjazdowy w kierunku Borohr\u00e1dka &#8211; \u015bwietlny na s\u0142upie od kszta\u0142towego. 25.10.2009<\/p>\n<\/div>\n","protected":false},"excerpt":{"rendered":"<p>Maszyna 163 244-7 manewruje w \u010cermnej nad Orlic\u00ed, mijaj\u0105c interesuj\u0105cy semafor wyjazdowy w kierunku Borohr\u00e1dka &#8211; \u015bwietlny na s\u0142upie od kszta\u0142towego. 25.10.2009<\/p>\n","protected":false},"author":1,"featured_media":16150,"comment_status":"open","ping_status":"","sticky":false,"template":"","format":"standard","meta":{"footnotes":""},"categories":[2,169],"tags":[1401,1412,50,3329,49,230,126,53,3330],"class_list":["post-16149","post","type-post","status-publish","format-standard","has-post-thumbnail","hentry","category-kolej","category-rok-2009","tag-1401","tag-2009-10-25","tag-cd","tag-cermna-nad-orlici","tag-czechy","tag-infrastruktura","tag-jesien","tag-sygnalizacja-ksztaltowa","tag-tab-cz020"],"_links":{"self":[{"href":"https:\/\/wgphoto.pl\/t\/index.php?rest_route=\/wp\/v2\/posts\/16149","targetHints":{"allow":["GET"]}}],"collection":[{"href":"https:\/\/wgphoto.pl\/t\/index.php?rest_route=\/wp\/v2\/posts"}],"about":[{"href":"https:\/\/wgphoto.pl\/t\/index.php?rest_route=\/wp\/v2\/types\/post"}],"author":[{"embeddable":true,"href":"https:\/\/wgphoto.pl\/t\/index.php?rest_route=\/wp\/v2\/users\/1"}],"replies":[{"embeddable":true,"href":"https:\/\/wgphoto.pl\/t\/index.php?rest_route=%2Fwp%2Fv2%2Fcomments&post=16149"}],"version-history":[{"count":1,"href":"https:\/\/wgphoto.pl\/t\/index.php?rest_route=\/wp\/v2\/posts\/16149\/revisions"}],"predecessor-version":[{"id":16151,"href":"https:\/\/wgphoto.pl\/t\/index.php?rest_route=\/wp\/v2\/posts\/16149\/revisions\/16151"}],"wp:featuredmedia":[{"embeddable":true,"href":"https:\/\/wgphoto.pl\/t\/index.php?rest_route=\/wp\/v2\/media\/16150"}],"wp:attachment":[{"href":"https:\/\/wgphoto.pl\/t\/index.php?rest_route=%2Fwp%2Fv2%2Fmedia&parent=16149"}],"wp:term":[{"taxonomy":"category","embeddable":true,"href":"https:\/\/wgphoto.pl\/t\/index.php?rest_route=%2Fwp%2Fv2%2Fcategories&post=16149"},{"taxonomy":"post_tag","embeddable":true,"href":"https:\/\/wgphoto.pl\/t\/index.php?rest_route=%2Fwp%2Fv2%2Ftags&post=16149"}],"curies":[{"name":"wp","href":"https:\/\/api.w.org\/{rel}","templated":true}]}}