{"id":16152,"date":"2025-04-10T17:11:24","date_gmt":"2025-04-10T15:11:24","guid":{"rendered":"https:\/\/wgphoto.pl\/t\/?p=16152"},"modified":"2025-04-10T17:11:41","modified_gmt":"2025-04-10T15:11:41","slug":"balagan-w-kadrze-3","status":"publish","type":"post","link":"https:\/\/wgphoto.pl\/t\/?p=16152","title":{"rendered":"Ba\u0142agan w kadrze"},"content":{"rendered":"\n<figure class=\"wp-block-image aligncenter size-full\"><img loading=\"lazy\" decoding=\"async\" width=\"1200\" height=\"900\" src=\"https:\/\/wgphoto.pl\/t\/wp-content\/uploads\/2025\/04\/dscf8454.jpg\" alt=\"\" class=\"wp-image-16153\" srcset=\"https:\/\/wgphoto.pl\/t\/wp-content\/uploads\/2025\/04\/dscf8454.jpg 1200w, https:\/\/wgphoto.pl\/t\/wp-content\/uploads\/2025\/04\/dscf8454-300x225.jpg 300w, https:\/\/wgphoto.pl\/t\/wp-content\/uploads\/2025\/04\/dscf8454-768x576.jpg 768w\" sizes=\"auto, (max-width: 1200px) 100vw, 1200px\" \/><\/figure>\n\n\n\n<div class=\"wp-block-group has-global-padding is-layout-constrained wp-block-group-is-layout-constrained\">\n<p>Wieczorny osobowy z Mi\u0119dzylesia, czy tam innej Kudowy, do Wroc\u0142awia oczekuje na krzy\u017cowanie w Starczowie. 31.03.2009<\/p>\n<\/div>\n","protected":false},"excerpt":{"rendered":"<p>Wieczorny osobowy z Mi\u0119dzylesia, czy tam innej Kudowy, do Wroc\u0142awia oczekuje na krzy\u017cowanie w Starczowie. 31.03.2009<\/p>\n","protected":false},"author":1,"featured_media":16153,"comment_status":"open","ping_status":"","sticky":false,"template":"","format":"standard","meta":{"footnotes":""},"categories":[2,169],"tags":[3438,91,122,1186,63,27,653,383,90],"class_list":["post-16152","post","type-post","status-publish","format-standard","has-post-thumbnail","hentry","category-kolej","category-rok-2009","tag-2009-03-31","tag-blue-hour","tag-eu07","tag-na-wsiadanego","tag-pkp","tag-polska","tag-starczow","tag-tab-pl230","tag-wieczorem"],"_links":{"self":[{"href":"https:\/\/wgphoto.pl\/t\/index.php?rest_route=\/wp\/v2\/posts\/16152","targetHints":{"allow":["GET"]}}],"collection":[{"href":"https:\/\/wgphoto.pl\/t\/index.php?rest_route=\/wp\/v2\/posts"}],"about":[{"href":"https:\/\/wgphoto.pl\/t\/index.php?rest_route=\/wp\/v2\/types\/post"}],"author":[{"embeddable":true,"href":"https:\/\/wgphoto.pl\/t\/index.php?rest_route=\/wp\/v2\/users\/1"}],"replies":[{"embeddable":true,"href":"https:\/\/wgphoto.pl\/t\/index.php?rest_route=%2Fwp%2Fv2%2Fcomments&post=16152"}],"version-history":[{"count":1,"href":"https:\/\/wgphoto.pl\/t\/index.php?rest_route=\/wp\/v2\/posts\/16152\/revisions"}],"predecessor-version":[{"id":16154,"href":"https:\/\/wgphoto.pl\/t\/index.php?rest_route=\/wp\/v2\/posts\/16152\/revisions\/16154"}],"wp:featuredmedia":[{"embeddable":true,"href":"https:\/\/wgphoto.pl\/t\/index.php?rest_route=\/wp\/v2\/media\/16153"}],"wp:attachment":[{"href":"https:\/\/wgphoto.pl\/t\/index.php?rest_route=%2Fwp%2Fv2%2Fmedia&parent=16152"}],"wp:term":[{"taxonomy":"category","embeddable":true,"href":"https:\/\/wgphoto.pl\/t\/index.php?rest_route=%2Fwp%2Fv2%2Fcategories&post=16152"},{"taxonomy":"post_tag","embeddable":true,"href":"https:\/\/wgphoto.pl\/t\/index.php?rest_route=%2Fwp%2Fv2%2Ftags&post=16152"}],"curies":[{"name":"wp","href":"https:\/\/api.w.org\/{rel}","templated":true}]}}