{"id":16155,"date":"2025-04-10T17:12:31","date_gmt":"2025-04-10T15:12:31","guid":{"rendered":"https:\/\/wgphoto.pl\/t\/?p=16155"},"modified":"2025-04-10T17:12:31","modified_gmt":"2025-04-10T15:12:31","slug":"prawie-tunel","status":"publish","type":"post","link":"https:\/\/wgphoto.pl\/t\/?p=16155","title":{"rendered":"Prawie tunel"},"content":{"rendered":"\n<figure class=\"wp-block-image aligncenter size-full\"><img loading=\"lazy\" decoding=\"async\" width=\"1050\" height=\"700\" src=\"https:\/\/wgphoto.pl\/t\/wp-content\/uploads\/2025\/04\/dscf8193.jpg\" alt=\"\" class=\"wp-image-16156\" srcset=\"https:\/\/wgphoto.pl\/t\/wp-content\/uploads\/2025\/04\/dscf8193.jpg 1050w, https:\/\/wgphoto.pl\/t\/wp-content\/uploads\/2025\/04\/dscf8193-300x200.jpg 300w, https:\/\/wgphoto.pl\/t\/wp-content\/uploads\/2025\/04\/dscf8193-768x512.jpg 768w\" sizes=\"auto, (max-width: 1050px) 100vw, 1050px\" \/><\/figure>\n\n\n\n<div class=\"wp-block-group has-global-padding is-layout-constrained wp-block-group-is-layout-constrained\">\n<p>EU07-477 z rychlikiem z Pragi do Wroc\u0142awia przeje\u017cd\u017ca przez wiadukt mi\u0119dzy Bystrzyc\u0105 K\u0142odzk\u0105 Przedmie\u015bcie oraz &#8222;g\u0142\u00f3wn\u0105&#8221;. Jako\u015b\u0107 nie powala, ale i tak jestem pod wra\u017ceniem tego, ile si\u0119 uda\u0142o wyci\u0105gn\u0105\u0107 z RAW-a ze starego cyfrzanego kompakta, a sam motyw te\u017c uwa\u017cam za ciekawy. 25.01.2009<\/p>\n<\/div>\n","protected":false},"excerpt":{"rendered":"<p>EU07-477 z rychlikiem z Pragi do Wroc\u0142awia przeje\u017cd\u017ca przez wiadukt mi\u0119dzy Bystrzyc\u0105 K\u0142odzk\u0105 Przedmie\u015bcie oraz &#8222;g\u0142\u00f3wn\u0105&#8221;. Jako\u015b\u0107 nie powala, ale i tak jestem pod wra\u017ceniem tego, ile si\u0119 uda\u0142o wyci\u0105gn\u0105\u0107 z RAW-a ze starego cyfrzanego kompakta, a sam motyw te\u017c uwa\u017cam za ciekawy. 25.01.2009<\/p>\n","protected":false},"author":1,"featured_media":16156,"comment_status":"open","ping_status":"","sticky":false,"template":"","format":"standard","meta":{"footnotes":""},"categories":[2,169],"tags":[2208,1574,3679,122,63,27,383,15],"class_list":["post-16155","post","type-post","status-publish","format-standard","has-post-thumbnail","hentry","category-kolej","category-rok-2009","tag-2009-01-25","tag-bystrzyca-klodzka","tag-bystrzyca-klodzka-przedmiescie","tag-eu07","tag-pkp","tag-polska","tag-tab-pl230","tag-tunel"],"_links":{"self":[{"href":"https:\/\/wgphoto.pl\/t\/index.php?rest_route=\/wp\/v2\/posts\/16155","targetHints":{"allow":["GET"]}}],"collection":[{"href":"https:\/\/wgphoto.pl\/t\/index.php?rest_route=\/wp\/v2\/posts"}],"about":[{"href":"https:\/\/wgphoto.pl\/t\/index.php?rest_route=\/wp\/v2\/types\/post"}],"author":[{"embeddable":true,"href":"https:\/\/wgphoto.pl\/t\/index.php?rest_route=\/wp\/v2\/users\/1"}],"replies":[{"embeddable":true,"href":"https:\/\/wgphoto.pl\/t\/index.php?rest_route=%2Fwp%2Fv2%2Fcomments&post=16155"}],"version-history":[{"count":1,"href":"https:\/\/wgphoto.pl\/t\/index.php?rest_route=\/wp\/v2\/posts\/16155\/revisions"}],"predecessor-version":[{"id":16157,"href":"https:\/\/wgphoto.pl\/t\/index.php?rest_route=\/wp\/v2\/posts\/16155\/revisions\/16157"}],"wp:featuredmedia":[{"embeddable":true,"href":"https:\/\/wgphoto.pl\/t\/index.php?rest_route=\/wp\/v2\/media\/16156"}],"wp:attachment":[{"href":"https:\/\/wgphoto.pl\/t\/index.php?rest_route=%2Fwp%2Fv2%2Fmedia&parent=16155"}],"wp:term":[{"taxonomy":"category","embeddable":true,"href":"https:\/\/wgphoto.pl\/t\/index.php?rest_route=%2Fwp%2Fv2%2Fcategories&post=16155"},{"taxonomy":"post_tag","embeddable":true,"href":"https:\/\/wgphoto.pl\/t\/index.php?rest_route=%2Fwp%2Fv2%2Ftags&post=16155"}],"curies":[{"name":"wp","href":"https:\/\/api.w.org\/{rel}","templated":true}]}}