{"id":16164,"date":"2025-04-10T17:15:56","date_gmt":"2025-04-10T15:15:56","guid":{"rendered":"https:\/\/wgphoto.pl\/t\/?p=16164"},"modified":"2025-04-10T17:15:56","modified_gmt":"2025-04-10T15:15:56","slug":"awaryjny-459","status":"publish","type":"post","link":"https:\/\/wgphoto.pl\/t\/?p=16164","title":{"rendered":"Awaryjny 459"},"content":{"rendered":"\n<figure class=\"wp-block-image aligncenter size-full\"><img loading=\"lazy\" decoding=\"async\" width=\"1200\" height=\"803\" src=\"https:\/\/wgphoto.pl\/t\/wp-content\/uploads\/2025\/04\/imgp9012-1.jpg\" alt=\"\" class=\"wp-image-16165\" srcset=\"https:\/\/wgphoto.pl\/t\/wp-content\/uploads\/2025\/04\/imgp9012-1.jpg 1200w, https:\/\/wgphoto.pl\/t\/wp-content\/uploads\/2025\/04\/imgp9012-1-300x201.jpg 300w, https:\/\/wgphoto.pl\/t\/wp-content\/uploads\/2025\/04\/imgp9012-1-768x514.jpg 768w\" sizes=\"auto, (max-width: 1200px) 100vw, 1200px\" \/><\/figure>\n\n\n\n<div class=\"wp-block-group has-global-padding is-layout-constrained wp-block-group-is-layout-constrained\">\n<p>Wroc\u0142aw, ul. Mieszcza\u0144ska. 2059 jako awaryjny o numerze wywo\u0142awczym 459 (czw\u00f3rka z przodu, bo tramwaj pochodzi z zajezdni nr IV) oczekuje na zatrudnienie. Rzuci\u0142o mi si\u0119 teraz w oczy r\u00f3wnie\u017c kadrowanie, musz\u0119 wi\u0119c zaznaczy\u0107, \u017ce tramwaj znalaz\u0142 si\u0119 mi\u0119dzy roz\u015bwietlonymi oknami nieprzypadkowo. 22.12.2010<\/p>\n<\/div>\n","protected":false},"excerpt":{"rendered":"<p>Wroc\u0142aw, ul. Mieszcza\u0144ska. 2059 jako awaryjny o numerze wywo\u0142awczym 459 (czw\u00f3rka z przodu, bo tramwaj pochodzi z zajezdni nr IV) oczekuje na zatrudnienie. Rzuci\u0142o mi si\u0119 teraz w oczy r\u00f3wnie\u017c kadrowanie, musz\u0119 wi\u0119c zaznaczy\u0107, \u017ce tramwaj znalaz\u0142 si\u0119 mi\u0119dzy roz\u015bwietlonymi oknami nieprzypadkowo. 22.12.2010<\/p>\n","protected":false},"author":1,"featured_media":16165,"comment_status":"open","ping_status":"","sticky":false,"template":"","format":"standard","meta":{"footnotes":""},"categories":[86,3],"tags":[3540,309,821,42,154,27,44,439,41],"class_list":["post-16164","post","type-post","status-publish","format-standard","has-post-thumbnail","hentry","category-rok-2010","category-tramwaj","tag-2010-12-22","tag-konstal-102na","tag-mgla","tag-mpk-wroclaw","tag-noc","tag-polska","tag-snieg","tag-we-fabryce","tag-wroclaw"],"_links":{"self":[{"href":"https:\/\/wgphoto.pl\/t\/index.php?rest_route=\/wp\/v2\/posts\/16164","targetHints":{"allow":["GET"]}}],"collection":[{"href":"https:\/\/wgphoto.pl\/t\/index.php?rest_route=\/wp\/v2\/posts"}],"about":[{"href":"https:\/\/wgphoto.pl\/t\/index.php?rest_route=\/wp\/v2\/types\/post"}],"author":[{"embeddable":true,"href":"https:\/\/wgphoto.pl\/t\/index.php?rest_route=\/wp\/v2\/users\/1"}],"replies":[{"embeddable":true,"href":"https:\/\/wgphoto.pl\/t\/index.php?rest_route=%2Fwp%2Fv2%2Fcomments&post=16164"}],"version-history":[{"count":1,"href":"https:\/\/wgphoto.pl\/t\/index.php?rest_route=\/wp\/v2\/posts\/16164\/revisions"}],"predecessor-version":[{"id":16166,"href":"https:\/\/wgphoto.pl\/t\/index.php?rest_route=\/wp\/v2\/posts\/16164\/revisions\/16166"}],"wp:featuredmedia":[{"embeddable":true,"href":"https:\/\/wgphoto.pl\/t\/index.php?rest_route=\/wp\/v2\/media\/16165"}],"wp:attachment":[{"href":"https:\/\/wgphoto.pl\/t\/index.php?rest_route=%2Fwp%2Fv2%2Fmedia&parent=16164"}],"wp:term":[{"taxonomy":"category","embeddable":true,"href":"https:\/\/wgphoto.pl\/t\/index.php?rest_route=%2Fwp%2Fv2%2Fcategories&post=16164"},{"taxonomy":"post_tag","embeddable":true,"href":"https:\/\/wgphoto.pl\/t\/index.php?rest_route=%2Fwp%2Fv2%2Ftags&post=16164"}],"curies":[{"name":"wp","href":"https:\/\/api.w.org\/{rel}","templated":true}]}}