{"id":16182,"date":"2025-04-10T17:22:41","date_gmt":"2025-04-10T15:22:41","guid":{"rendered":"https:\/\/wgphoto.pl\/t\/?p=16182"},"modified":"2025-04-10T17:22:41","modified_gmt":"2025-04-10T15:22:41","slug":"do-wyboru-do-koloru-2","status":"publish","type":"post","link":"https:\/\/wgphoto.pl\/t\/?p=16182","title":{"rendered":"Do wyboru, do koloru"},"content":{"rendered":"\n<figure class=\"wp-block-image aligncenter size-full\"><img loading=\"lazy\" decoding=\"async\" width=\"1200\" height=\"803\" src=\"https:\/\/wgphoto.pl\/t\/wp-content\/uploads\/2025\/04\/IMGP0702.jpg\" alt=\"\" class=\"wp-image-16183\" srcset=\"https:\/\/wgphoto.pl\/t\/wp-content\/uploads\/2025\/04\/IMGP0702.jpg 1200w, https:\/\/wgphoto.pl\/t\/wp-content\/uploads\/2025\/04\/IMGP0702-300x201.jpg 300w, https:\/\/wgphoto.pl\/t\/wp-content\/uploads\/2025\/04\/IMGP0702-768x514.jpg 768w\" sizes=\"auto, (max-width: 1200px) 100vw, 1200px\" \/><\/figure>\n\n\n\n<div class=\"wp-block-group has-global-padding is-layout-constrained wp-block-group-is-layout-constrained\">\n<p>Desiro pojedzie jako pospieszny 60005 do Drezna, kibel jako osobowy 6733 do Rzepina, a si\u00f3demka poprowadzi przyspieszony poci\u0105g 6623 &#8222;Szczeliniec&#8221; z Poznania do Szklarskiej Por\u0119by. Kt\u00f3ry wybierasz? 07.03.2009<\/p>\n<\/div>\n","protected":false},"excerpt":{"rendered":"<p>Desiro pojedzie jako pospieszny 60005 do Drezna, kibel jako osobowy 6733 do Rzepina, a si\u00f3demka poprowadzi przyspieszony poci\u0105g 6623 &#8222;Szczeliniec&#8221; z Poznania do Szklarskiej Por\u0119by. Kt\u00f3ry wybierasz? 07.03.2009<\/p>\n","protected":false},"author":1,"featured_media":16183,"comment_status":"open","ping_status":"","sticky":false,"template":"","format":"standard","meta":{"footnotes":""},"categories":[2,169],"tags":[3645,206,256,132,122,249,179,154,63,27,41,180],"class_list":["post-16182","post","type-post","status-publish","format-standard","has-post-thumbnail","hentry","category-kolej","category-rok-2009","tag-2009-03-07","tag-db","tag-desiro","tag-en57","tag-eu07","tag-goscinne-wystepy","tag-hala-peronowa","tag-noc","tag-pkp","tag-polska","tag-wroclaw","tag-wroclaw-glowny"],"_links":{"self":[{"href":"https:\/\/wgphoto.pl\/t\/index.php?rest_route=\/wp\/v2\/posts\/16182","targetHints":{"allow":["GET"]}}],"collection":[{"href":"https:\/\/wgphoto.pl\/t\/index.php?rest_route=\/wp\/v2\/posts"}],"about":[{"href":"https:\/\/wgphoto.pl\/t\/index.php?rest_route=\/wp\/v2\/types\/post"}],"author":[{"embeddable":true,"href":"https:\/\/wgphoto.pl\/t\/index.php?rest_route=\/wp\/v2\/users\/1"}],"replies":[{"embeddable":true,"href":"https:\/\/wgphoto.pl\/t\/index.php?rest_route=%2Fwp%2Fv2%2Fcomments&post=16182"}],"version-history":[{"count":1,"href":"https:\/\/wgphoto.pl\/t\/index.php?rest_route=\/wp\/v2\/posts\/16182\/revisions"}],"predecessor-version":[{"id":16184,"href":"https:\/\/wgphoto.pl\/t\/index.php?rest_route=\/wp\/v2\/posts\/16182\/revisions\/16184"}],"wp:featuredmedia":[{"embeddable":true,"href":"https:\/\/wgphoto.pl\/t\/index.php?rest_route=\/wp\/v2\/media\/16183"}],"wp:attachment":[{"href":"https:\/\/wgphoto.pl\/t\/index.php?rest_route=%2Fwp%2Fv2%2Fmedia&parent=16182"}],"wp:term":[{"taxonomy":"category","embeddable":true,"href":"https:\/\/wgphoto.pl\/t\/index.php?rest_route=%2Fwp%2Fv2%2Fcategories&post=16182"},{"taxonomy":"post_tag","embeddable":true,"href":"https:\/\/wgphoto.pl\/t\/index.php?rest_route=%2Fwp%2Fv2%2Ftags&post=16182"}],"curies":[{"name":"wp","href":"https:\/\/api.w.org\/{rel}","templated":true}]}}