{"id":16191,"date":"2025-04-10T17:36:13","date_gmt":"2025-04-10T15:36:13","guid":{"rendered":"https:\/\/wgphoto.pl\/t\/?p=16191"},"modified":"2025-04-10T17:36:13","modified_gmt":"2025-04-10T15:36:13","slug":"taki-byl-koncept","status":"publish","type":"post","link":"https:\/\/wgphoto.pl\/t\/?p=16191","title":{"rendered":"Taki by\u0142 koncept"},"content":{"rendered":"\n<figure class=\"wp-block-image aligncenter size-full\"><img loading=\"lazy\" decoding=\"async\" width=\"1400\" height=\"937\" src=\"https:\/\/wgphoto.pl\/t\/wp-content\/uploads\/2025\/04\/IMGP7464.jpg\" alt=\"\" class=\"wp-image-16192\" srcset=\"https:\/\/wgphoto.pl\/t\/wp-content\/uploads\/2025\/04\/IMGP7464.jpg 1400w, https:\/\/wgphoto.pl\/t\/wp-content\/uploads\/2025\/04\/IMGP7464-300x201.jpg 300w, https:\/\/wgphoto.pl\/t\/wp-content\/uploads\/2025\/04\/IMGP7464-768x514.jpg 768w\" sizes=\"auto, (max-width: 1400px) 100vw, 1400px\" \/><\/figure>\n\n\n\n<div class=\"wp-block-group has-global-padding is-layout-constrained wp-block-group-is-layout-constrained\">\n<p>Poci\u0105g osobowy 4117 z Brna hl.n. do Vesel\u00ed nad Moravou w zachodz\u0105cym ju\u017c lipcowym s\u0142o\u0144cu odje\u017cd\u017ca z Kyjova. Nie wiem czemu wymy\u015bli\u0142em wtedy, \u017ce koniecznie na pierwszym planie musi si\u0119 znale\u017a\u0107 trasa p\u0119dniowa. Efekt okaza\u0142 si\u0119 by\u0107 nietrafionym, mo\u017cna to by\u0142o lepiej skadrowa\u0107. W\u0142a\u015bciwie to nawet dzi\u015b mo\u017cna takie foto powt\u00f3rzy\u0107 (cho\u0107 ju\u017c nied\u0142ugo), ale komu by si\u0119 chcia\u0142o. \ud83d\ude09 Dzisiaj &#8222;chce si\u0119&#8221; jedynie wyci\u0105ga\u0107 takie knoty z dysku i sprawdza\u0107 efekt po obr\u00f3bce. 20.07.2009<\/p>\n<\/div>\n","protected":false},"excerpt":{"rendered":"<p>Poci\u0105g osobowy 4117 z Brna hl.n. do Vesel\u00ed nad Moravou w zachodz\u0105cym ju\u017c lipcowym s\u0142o\u0144cu odje\u017cd\u017ca z Kyjova. Nie wiem czemu wymy\u015bli\u0142em wtedy, \u017ce koniecznie na pierwszym planie musi si\u0119 znale\u017a\u0107 trasa p\u0119dniowa. Efekt okaza\u0142 si\u0119 by\u0107 nietrafionym, mo\u017cna to by\u0142o lepiej skadrowa\u0107. W\u0142a\u015bciwie to nawet dzi\u015b mo\u017cna takie foto powt\u00f3rzy\u0107 (cho\u0107 ju\u017c nied\u0142ugo), ale [&hellip;]<\/p>\n","protected":false},"author":1,"featured_media":16192,"comment_status":"open","ping_status":"","sticky":false,"template":"","format":"standard","meta":{"footnotes":""},"categories":[2,169],"tags":[337,1868,50,49,334,53,336,1869],"class_list":["post-16191","post","type-post","status-publish","format-standard","has-post-thumbnail","hentry","category-kolej","category-rok-2009","tag-2009-07-20","tag-1868","tag-cd","tag-czechy","tag-kyjov","tag-sygnalizacja-ksztaltowa","tag-tab-cz340","tag-wagon-sterowniczy"],"_links":{"self":[{"href":"https:\/\/wgphoto.pl\/t\/index.php?rest_route=\/wp\/v2\/posts\/16191","targetHints":{"allow":["GET"]}}],"collection":[{"href":"https:\/\/wgphoto.pl\/t\/index.php?rest_route=\/wp\/v2\/posts"}],"about":[{"href":"https:\/\/wgphoto.pl\/t\/index.php?rest_route=\/wp\/v2\/types\/post"}],"author":[{"embeddable":true,"href":"https:\/\/wgphoto.pl\/t\/index.php?rest_route=\/wp\/v2\/users\/1"}],"replies":[{"embeddable":true,"href":"https:\/\/wgphoto.pl\/t\/index.php?rest_route=%2Fwp%2Fv2%2Fcomments&post=16191"}],"version-history":[{"count":1,"href":"https:\/\/wgphoto.pl\/t\/index.php?rest_route=\/wp\/v2\/posts\/16191\/revisions"}],"predecessor-version":[{"id":16193,"href":"https:\/\/wgphoto.pl\/t\/index.php?rest_route=\/wp\/v2\/posts\/16191\/revisions\/16193"}],"wp:featuredmedia":[{"embeddable":true,"href":"https:\/\/wgphoto.pl\/t\/index.php?rest_route=\/wp\/v2\/media\/16192"}],"wp:attachment":[{"href":"https:\/\/wgphoto.pl\/t\/index.php?rest_route=%2Fwp%2Fv2%2Fmedia&parent=16191"}],"wp:term":[{"taxonomy":"category","embeddable":true,"href":"https:\/\/wgphoto.pl\/t\/index.php?rest_route=%2Fwp%2Fv2%2Fcategories&post=16191"},{"taxonomy":"post_tag","embeddable":true,"href":"https:\/\/wgphoto.pl\/t\/index.php?rest_route=%2Fwp%2Fv2%2Ftags&post=16191"}],"curies":[{"name":"wp","href":"https:\/\/api.w.org\/{rel}","templated":true}]}}