{"id":16209,"date":"2025-04-10T18:13:18","date_gmt":"2025-04-10T16:13:18","guid":{"rendered":"https:\/\/wgphoto.pl\/t\/?p=16209"},"modified":"2025-04-10T18:13:18","modified_gmt":"2025-04-10T16:13:18","slug":"kt4dc-2311","status":"publish","type":"post","link":"https:\/\/wgphoto.pl\/t\/?p=16209","title":{"rendered":"KT4DC 2311"},"content":{"rendered":"\n<figure class=\"wp-block-image aligncenter size-full\"><img loading=\"lazy\" decoding=\"async\" width=\"1300\" height=\"861\" src=\"https:\/\/wgphoto.pl\/t\/wp-content\/uploads\/2025\/04\/IMGP5884.jpg\" alt=\"\" class=\"wp-image-16210\" srcset=\"https:\/\/wgphoto.pl\/t\/wp-content\/uploads\/2025\/04\/IMGP5884.jpg 1300w, https:\/\/wgphoto.pl\/t\/wp-content\/uploads\/2025\/04\/IMGP5884-300x199.jpg 300w, https:\/\/wgphoto.pl\/t\/wp-content\/uploads\/2025\/04\/IMGP5884-768x509.jpg 768w\" sizes=\"auto, (max-width: 1300px) 100vw, 1300px\" \/><\/figure>\n\n\n\n<div class=\"wp-block-group has-global-padding is-layout-constrained wp-block-group-is-layout-constrained\">\n<p>G\u00f6rlitz, Postplatz. Tatra KT4DC 2311 przemierza sympatyczn\u0105 star\u00f3wk\u0119. 06.04.2024<\/p>\n<\/div>\n","protected":false},"excerpt":{"rendered":"<p>G\u00f6rlitz, Postplatz. Tatra KT4DC 2311 przemierza sympatyczn\u0105 star\u00f3wk\u0119. 06.04.2024<\/p>\n","protected":false},"author":1,"featured_media":16210,"comment_status":"open","ping_status":"","sticky":false,"template":"","format":"standard","meta":{"footnotes":""},"categories":[5,3],"tags":[3684,34,31,23,33,129],"class_list":["post-16209","post","type-post","status-publish","format-standard","has-post-thumbnail","hentry","category-2024r","category-tramwaj","tag-2024-04-06","tag-architektura","tag-gorlitz","tag-niemcy","tag-tatra-kt4","tag-vgg-gorlitz"],"_links":{"self":[{"href":"https:\/\/wgphoto.pl\/t\/index.php?rest_route=\/wp\/v2\/posts\/16209","targetHints":{"allow":["GET"]}}],"collection":[{"href":"https:\/\/wgphoto.pl\/t\/index.php?rest_route=\/wp\/v2\/posts"}],"about":[{"href":"https:\/\/wgphoto.pl\/t\/index.php?rest_route=\/wp\/v2\/types\/post"}],"author":[{"embeddable":true,"href":"https:\/\/wgphoto.pl\/t\/index.php?rest_route=\/wp\/v2\/users\/1"}],"replies":[{"embeddable":true,"href":"https:\/\/wgphoto.pl\/t\/index.php?rest_route=%2Fwp%2Fv2%2Fcomments&post=16209"}],"version-history":[{"count":1,"href":"https:\/\/wgphoto.pl\/t\/index.php?rest_route=\/wp\/v2\/posts\/16209\/revisions"}],"predecessor-version":[{"id":16211,"href":"https:\/\/wgphoto.pl\/t\/index.php?rest_route=\/wp\/v2\/posts\/16209\/revisions\/16211"}],"wp:featuredmedia":[{"embeddable":true,"href":"https:\/\/wgphoto.pl\/t\/index.php?rest_route=\/wp\/v2\/media\/16210"}],"wp:attachment":[{"href":"https:\/\/wgphoto.pl\/t\/index.php?rest_route=%2Fwp%2Fv2%2Fmedia&parent=16209"}],"wp:term":[{"taxonomy":"category","embeddable":true,"href":"https:\/\/wgphoto.pl\/t\/index.php?rest_route=%2Fwp%2Fv2%2Fcategories&post=16209"},{"taxonomy":"post_tag","embeddable":true,"href":"https:\/\/wgphoto.pl\/t\/index.php?rest_route=%2Fwp%2Fv2%2Ftags&post=16209"}],"curies":[{"name":"wp","href":"https:\/\/api.w.org\/{rel}","templated":true}]}}