{"id":1621,"date":"2024-10-04T17:24:27","date_gmt":"2024-10-04T15:24:27","guid":{"rendered":"https:\/\/wgphoto.pl\/t\/?p=1621"},"modified":"2024-10-04T17:24:27","modified_gmt":"2024-10-04T15:24:27","slug":"810-201-4-chodov","status":"publish","type":"post","link":"https:\/\/wgphoto.pl\/t\/?p=1621","title":{"rendered":"810 201-4, Chodov"},"content":{"rendered":"\n<figure class=\"wp-block-image aligncenter size-full\"><img loading=\"lazy\" decoding=\"async\" width=\"1200\" height=\"803\" src=\"https:\/\/wgphoto.pl\/t\/wp-content\/uploads\/2024\/10\/IMGP0167.jpg\" alt=\"\" class=\"wp-image-1623\" srcset=\"https:\/\/wgphoto.pl\/t\/wp-content\/uploads\/2024\/10\/IMGP0167.jpg 1200w, https:\/\/wgphoto.pl\/t\/wp-content\/uploads\/2024\/10\/IMGP0167-300x201.jpg 300w, https:\/\/wgphoto.pl\/t\/wp-content\/uploads\/2024\/10\/IMGP0167-768x514.jpg 768w\" sizes=\"auto, (max-width: 1200px) 100vw, 1200px\" \/><\/figure>\n\n\n\n<div class=\"wp-block-group has-global-padding is-layout-constrained wp-block-group-is-layout-constrained\">\n<p>Poci\u0105g osobowy 27122 do stacji Loket za kilkana\u015bcie minut odjedzie ze stacji pocz\u0105tkowej. Uj\u0119cie nie by\u0142o planowane, ale skoro ju\u017c m\u00f3j poci\u0105g zatrzyma\u0142 si\u0119 idealnie do takiego kadru\u2026 13.04.2011<\/p>\n<\/div>\n","protected":false},"excerpt":{"rendered":"<p>Poci\u0105g osobowy 27122 do stacji Loket za kilkana\u015bcie minut odjedzie ze stacji pocz\u0105tkowej. Uj\u0119cie nie by\u0142o planowane, ale skoro ju\u017c m\u00f3j poci\u0105g zatrzyma\u0142 si\u0119 idealnie do takiego kadru\u2026 13.04.2011<\/p>\n","protected":false},"author":1,"featured_media":1623,"comment_status":"open","ping_status":"","sticky":false,"template":"","format":"standard","meta":{"footnotes":""},"categories":[2,77],"tags":[752,92,50,827,49,13,421,828],"class_list":["post-1621","post","type-post","status-publish","format-standard","has-post-thumbnail","hentry","category-kolej","category-rok-2011","tag-2011-04-13","tag-92","tag-cd","tag-chodov","tag-czechy","tag-deszcz","tag-tab-cz140","tag-tab-cz144"],"_links":{"self":[{"href":"https:\/\/wgphoto.pl\/t\/index.php?rest_route=\/wp\/v2\/posts\/1621","targetHints":{"allow":["GET"]}}],"collection":[{"href":"https:\/\/wgphoto.pl\/t\/index.php?rest_route=\/wp\/v2\/posts"}],"about":[{"href":"https:\/\/wgphoto.pl\/t\/index.php?rest_route=\/wp\/v2\/types\/post"}],"author":[{"embeddable":true,"href":"https:\/\/wgphoto.pl\/t\/index.php?rest_route=\/wp\/v2\/users\/1"}],"replies":[{"embeddable":true,"href":"https:\/\/wgphoto.pl\/t\/index.php?rest_route=%2Fwp%2Fv2%2Fcomments&post=1621"}],"version-history":[{"count":1,"href":"https:\/\/wgphoto.pl\/t\/index.php?rest_route=\/wp\/v2\/posts\/1621\/revisions"}],"predecessor-version":[{"id":1624,"href":"https:\/\/wgphoto.pl\/t\/index.php?rest_route=\/wp\/v2\/posts\/1621\/revisions\/1624"}],"wp:featuredmedia":[{"embeddable":true,"href":"https:\/\/wgphoto.pl\/t\/index.php?rest_route=\/wp\/v2\/media\/1623"}],"wp:attachment":[{"href":"https:\/\/wgphoto.pl\/t\/index.php?rest_route=%2Fwp%2Fv2%2Fmedia&parent=1621"}],"wp:term":[{"taxonomy":"category","embeddable":true,"href":"https:\/\/wgphoto.pl\/t\/index.php?rest_route=%2Fwp%2Fv2%2Fcategories&post=1621"},{"taxonomy":"post_tag","embeddable":true,"href":"https:\/\/wgphoto.pl\/t\/index.php?rest_route=%2Fwp%2Fv2%2Ftags&post=1621"}],"curies":[{"name":"wp","href":"https:\/\/api.w.org\/{rel}","templated":true}]}}