{"id":16212,"date":"2025-04-10T18:14:15","date_gmt":"2025-04-10T16:14:15","guid":{"rendered":"https:\/\/wgphoto.pl\/t\/?p=16212"},"modified":"2025-04-10T18:14:15","modified_gmt":"2025-04-10T16:14:15","slug":"wiosenny-kamuflaz-2","status":"publish","type":"post","link":"https:\/\/wgphoto.pl\/t\/?p=16212","title":{"rendered":"Wiosenny kamufla\u017c"},"content":{"rendered":"\n<figure class=\"wp-block-image aligncenter size-full\"><img loading=\"lazy\" decoding=\"async\" width=\"1300\" height=\"861\" src=\"https:\/\/wgphoto.pl\/t\/wp-content\/uploads\/2025\/04\/IMGP5898.jpg\" alt=\"\" class=\"wp-image-16213\" srcset=\"https:\/\/wgphoto.pl\/t\/wp-content\/uploads\/2025\/04\/IMGP5898.jpg 1300w, https:\/\/wgphoto.pl\/t\/wp-content\/uploads\/2025\/04\/IMGP5898-300x199.jpg 300w, https:\/\/wgphoto.pl\/t\/wp-content\/uploads\/2025\/04\/IMGP5898-768x509.jpg 768w\" sizes=\"auto, (max-width: 1300px) 100vw, 1300px\" \/><\/figure>\n\n\n\n<div class=\"wp-block-group has-global-padding is-layout-constrained wp-block-group-is-layout-constrained\">\n<p>Wagon 2316 reklamuj\u0105cy zielon\u0105 energi\u0119 sta\u0142 si\u0119 wdzi\u0119cznym tematem do takiej kombinatoryki. G\u00f6rlitz, Erich-Weinert-Stra\u00dfe, 06.04.2024<\/p>\n<\/div>\n","protected":false},"excerpt":{"rendered":"<p>Wagon 2316 reklamuj\u0105cy zielon\u0105 energi\u0119 sta\u0142 si\u0119 wdzi\u0119cznym tematem do takiej kombinatoryki. G\u00f6rlitz, Erich-Weinert-Stra\u00dfe, 06.04.2024<\/p>\n","protected":false},"author":1,"featured_media":16213,"comment_status":"open","ping_status":"","sticky":false,"template":"","format":"standard","meta":{"footnotes":""},"categories":[5,3],"tags":[3684,31,23,33,129,294],"class_list":["post-16212","post","type-post","status-publish","format-standard","has-post-thumbnail","hentry","category-2024r","category-tramwaj","tag-2024-04-06","tag-gorlitz","tag-niemcy","tag-tatra-kt4","tag-vgg-gorlitz","tag-wiosna"],"_links":{"self":[{"href":"https:\/\/wgphoto.pl\/t\/index.php?rest_route=\/wp\/v2\/posts\/16212","targetHints":{"allow":["GET"]}}],"collection":[{"href":"https:\/\/wgphoto.pl\/t\/index.php?rest_route=\/wp\/v2\/posts"}],"about":[{"href":"https:\/\/wgphoto.pl\/t\/index.php?rest_route=\/wp\/v2\/types\/post"}],"author":[{"embeddable":true,"href":"https:\/\/wgphoto.pl\/t\/index.php?rest_route=\/wp\/v2\/users\/1"}],"replies":[{"embeddable":true,"href":"https:\/\/wgphoto.pl\/t\/index.php?rest_route=%2Fwp%2Fv2%2Fcomments&post=16212"}],"version-history":[{"count":1,"href":"https:\/\/wgphoto.pl\/t\/index.php?rest_route=\/wp\/v2\/posts\/16212\/revisions"}],"predecessor-version":[{"id":16214,"href":"https:\/\/wgphoto.pl\/t\/index.php?rest_route=\/wp\/v2\/posts\/16212\/revisions\/16214"}],"wp:featuredmedia":[{"embeddable":true,"href":"https:\/\/wgphoto.pl\/t\/index.php?rest_route=\/wp\/v2\/media\/16213"}],"wp:attachment":[{"href":"https:\/\/wgphoto.pl\/t\/index.php?rest_route=%2Fwp%2Fv2%2Fmedia&parent=16212"}],"wp:term":[{"taxonomy":"category","embeddable":true,"href":"https:\/\/wgphoto.pl\/t\/index.php?rest_route=%2Fwp%2Fv2%2Fcategories&post=16212"},{"taxonomy":"post_tag","embeddable":true,"href":"https:\/\/wgphoto.pl\/t\/index.php?rest_route=%2Fwp%2Fv2%2Ftags&post=16212"}],"curies":[{"name":"wp","href":"https:\/\/api.w.org\/{rel}","templated":true}]}}