{"id":16215,"date":"2025-04-10T18:15:00","date_gmt":"2025-04-10T16:15:00","guid":{"rendered":"https:\/\/wgphoto.pl\/t\/?p=16215"},"modified":"2025-04-10T18:15:00","modified_gmt":"2025-04-10T16:15:00","slug":"dwoja","status":"publish","type":"post","link":"https:\/\/wgphoto.pl\/t\/?p=16215","title":{"rendered":"Dw\u00f3ja"},"content":{"rendered":"\n<figure class=\"wp-block-image aligncenter size-full\"><img loading=\"lazy\" decoding=\"async\" width=\"1300\" height=\"861\" src=\"https:\/\/wgphoto.pl\/t\/wp-content\/uploads\/2025\/04\/IMGP5891.jpg\" alt=\"\" class=\"wp-image-16216\" srcset=\"https:\/\/wgphoto.pl\/t\/wp-content\/uploads\/2025\/04\/IMGP5891.jpg 1300w, https:\/\/wgphoto.pl\/t\/wp-content\/uploads\/2025\/04\/IMGP5891-300x199.jpg 300w, https:\/\/wgphoto.pl\/t\/wp-content\/uploads\/2025\/04\/IMGP5891-768x509.jpg 768w\" sizes=\"auto, (max-width: 1300px) 100vw, 1300px\" \/><\/figure>\n\n\n\n<div class=\"wp-block-group has-global-padding is-layout-constrained wp-block-group-is-layout-constrained\">\n<p>G\u00f6rlitz, mijanka Weinh\u00fcbel Mitte, wagon 2316. Je\u015bli ta dw\u00f3jka ma oznacza\u0107 pr\u0119dko\u015b\u0107 na zwrotnicy (bo mo\u017ce r\u00f3wnie dobrze by\u0107 zwi\u0105zana ze skrzy\u017cowaniem o ograniczonej widoczno\u015bci, znajduj\u0105cym si\u0119 za moimi plecami), to i tak zawsze lepiej ni\u017c 10 czy 15 km\/h. 06.04.2024<\/p>\n<\/div>\n","protected":false},"excerpt":{"rendered":"<p>G\u00f6rlitz, mijanka Weinh\u00fcbel Mitte, wagon 2316. Je\u015bli ta dw\u00f3jka ma oznacza\u0107 pr\u0119dko\u015b\u0107 na zwrotnicy (bo mo\u017ce r\u00f3wnie dobrze by\u0107 zwi\u0105zana ze skrzy\u017cowaniem o ograniczonej widoczno\u015bci, znajduj\u0105cym si\u0119 za moimi plecami), to i tak zawsze lepiej ni\u017c 10 czy 15 km\/h. 06.04.2024<\/p>\n","protected":false},"author":1,"featured_media":16216,"comment_status":"open","ping_status":"","sticky":false,"template":"","format":"standard","meta":{"footnotes":""},"categories":[5,3],"tags":[3684,31,23,33,129,294],"class_list":["post-16215","post","type-post","status-publish","format-standard","has-post-thumbnail","hentry","category-2024r","category-tramwaj","tag-2024-04-06","tag-gorlitz","tag-niemcy","tag-tatra-kt4","tag-vgg-gorlitz","tag-wiosna"],"_links":{"self":[{"href":"https:\/\/wgphoto.pl\/t\/index.php?rest_route=\/wp\/v2\/posts\/16215","targetHints":{"allow":["GET"]}}],"collection":[{"href":"https:\/\/wgphoto.pl\/t\/index.php?rest_route=\/wp\/v2\/posts"}],"about":[{"href":"https:\/\/wgphoto.pl\/t\/index.php?rest_route=\/wp\/v2\/types\/post"}],"author":[{"embeddable":true,"href":"https:\/\/wgphoto.pl\/t\/index.php?rest_route=\/wp\/v2\/users\/1"}],"replies":[{"embeddable":true,"href":"https:\/\/wgphoto.pl\/t\/index.php?rest_route=%2Fwp%2Fv2%2Fcomments&post=16215"}],"version-history":[{"count":1,"href":"https:\/\/wgphoto.pl\/t\/index.php?rest_route=\/wp\/v2\/posts\/16215\/revisions"}],"predecessor-version":[{"id":16217,"href":"https:\/\/wgphoto.pl\/t\/index.php?rest_route=\/wp\/v2\/posts\/16215\/revisions\/16217"}],"wp:featuredmedia":[{"embeddable":true,"href":"https:\/\/wgphoto.pl\/t\/index.php?rest_route=\/wp\/v2\/media\/16216"}],"wp:attachment":[{"href":"https:\/\/wgphoto.pl\/t\/index.php?rest_route=%2Fwp%2Fv2%2Fmedia&parent=16215"}],"wp:term":[{"taxonomy":"category","embeddable":true,"href":"https:\/\/wgphoto.pl\/t\/index.php?rest_route=%2Fwp%2Fv2%2Fcategories&post=16215"},{"taxonomy":"post_tag","embeddable":true,"href":"https:\/\/wgphoto.pl\/t\/index.php?rest_route=%2Fwp%2Fv2%2Ftags&post=16215"}],"curies":[{"name":"wp","href":"https:\/\/api.w.org\/{rel}","templated":true}]}}