{"id":16231,"date":"2025-04-13T23:05:33","date_gmt":"2025-04-13T21:05:33","guid":{"rendered":"https:\/\/wgphoto.pl\/t\/?p=16231"},"modified":"2025-04-13T23:05:33","modified_gmt":"2025-04-13T21:05:33","slug":"poranek-wczesny-jade-pospiesznym","status":"publish","type":"post","link":"https:\/\/wgphoto.pl\/t\/?p=16231","title":{"rendered":"Poranek wczesny, jad\u0119 pospiesznym"},"content":{"rendered":"\n<figure class=\"wp-block-image aligncenter size-full\"><img loading=\"lazy\" decoding=\"async\" width=\"1200\" height=\"803\" src=\"https:\/\/wgphoto.pl\/t\/wp-content\/uploads\/2025\/04\/IMGP7079.jpg\" alt=\"\" class=\"wp-image-16232\" srcset=\"https:\/\/wgphoto.pl\/t\/wp-content\/uploads\/2025\/04\/IMGP7079.jpg 1200w, https:\/\/wgphoto.pl\/t\/wp-content\/uploads\/2025\/04\/IMGP7079-300x201.jpg 300w, https:\/\/wgphoto.pl\/t\/wp-content\/uploads\/2025\/04\/IMGP7079-768x514.jpg 768w\" sizes=\"auto, (max-width: 1200px) 100vw, 1200px\" \/><\/figure>\n\n\n\n<div class=\"wp-block-group has-global-padding is-layout-constrained wp-block-group-is-layout-constrained\">\n<p>Co\u015b mi tu godzina zupe\u0142nie nie pasuje, ale najpewniej b\u0119dzie to op\u00f3\u017aniony ponad godzin\u0119 81502 &#8222;Podlasiak&#8221; ze Szczecina do Bia\u0142egostoku. Na czele SU45-023. 15.07.2009<\/p>\n<\/div>\n","protected":false},"excerpt":{"rendered":"<p>Co\u015b mi tu godzina zupe\u0142nie nie pasuje, ale najpewniej b\u0119dzie to op\u00f3\u017aniony ponad godzin\u0119 81502 &#8222;Podlasiak&#8221; ze Szczecina do Bia\u0142egostoku. Na czele SU45-023. 15.07.2009<\/p>\n","protected":false},"author":1,"featured_media":16232,"comment_status":"open","ping_status":"","sticky":false,"template":"","format":"standard","meta":{"footnotes":""},"categories":[2,169],"tags":[534,2794,63,27,290,53,322],"class_list":["post-16231","post","type-post","status-publish","format-standard","has-post-thumbnail","hentry","category-kolej","category-rok-2009","tag-2009-07-15","tag-ketrzyn","tag-pkp","tag-polska","tag-su45","tag-sygnalizacja-ksztaltowa","tag-tab-pl510"],"_links":{"self":[{"href":"https:\/\/wgphoto.pl\/t\/index.php?rest_route=\/wp\/v2\/posts\/16231","targetHints":{"allow":["GET"]}}],"collection":[{"href":"https:\/\/wgphoto.pl\/t\/index.php?rest_route=\/wp\/v2\/posts"}],"about":[{"href":"https:\/\/wgphoto.pl\/t\/index.php?rest_route=\/wp\/v2\/types\/post"}],"author":[{"embeddable":true,"href":"https:\/\/wgphoto.pl\/t\/index.php?rest_route=\/wp\/v2\/users\/1"}],"replies":[{"embeddable":true,"href":"https:\/\/wgphoto.pl\/t\/index.php?rest_route=%2Fwp%2Fv2%2Fcomments&post=16231"}],"version-history":[{"count":1,"href":"https:\/\/wgphoto.pl\/t\/index.php?rest_route=\/wp\/v2\/posts\/16231\/revisions"}],"predecessor-version":[{"id":16233,"href":"https:\/\/wgphoto.pl\/t\/index.php?rest_route=\/wp\/v2\/posts\/16231\/revisions\/16233"}],"wp:featuredmedia":[{"embeddable":true,"href":"https:\/\/wgphoto.pl\/t\/index.php?rest_route=\/wp\/v2\/media\/16232"}],"wp:attachment":[{"href":"https:\/\/wgphoto.pl\/t\/index.php?rest_route=%2Fwp%2Fv2%2Fmedia&parent=16231"}],"wp:term":[{"taxonomy":"category","embeddable":true,"href":"https:\/\/wgphoto.pl\/t\/index.php?rest_route=%2Fwp%2Fv2%2Fcategories&post=16231"},{"taxonomy":"post_tag","embeddable":true,"href":"https:\/\/wgphoto.pl\/t\/index.php?rest_route=%2Fwp%2Fv2%2Ftags&post=16231"}],"curies":[{"name":"wp","href":"https:\/\/api.w.org\/{rel}","templated":true}]}}