{"id":16240,"date":"2025-04-13T23:08:51","date_gmt":"2025-04-13T21:08:51","guid":{"rendered":"https:\/\/wgphoto.pl\/t\/?p=16240"},"modified":"2025-04-13T23:08:51","modified_gmt":"2025-04-13T21:08:51","slug":"z-widokiem-na-koniec-trasy","status":"publish","type":"post","link":"https:\/\/wgphoto.pl\/t\/?p=16240","title":{"rendered":"Z widokiem na koniec trasy"},"content":{"rendered":"\n<figure class=\"wp-block-image aligncenter size-full\"><img loading=\"lazy\" decoding=\"async\" width=\"1200\" height=\"803\" src=\"https:\/\/wgphoto.pl\/t\/wp-content\/uploads\/2025\/04\/IMGP9518.jpg\" alt=\"\" class=\"wp-image-16241\" srcset=\"https:\/\/wgphoto.pl\/t\/wp-content\/uploads\/2025\/04\/IMGP9518.jpg 1200w, https:\/\/wgphoto.pl\/t\/wp-content\/uploads\/2025\/04\/IMGP9518-300x201.jpg 300w, https:\/\/wgphoto.pl\/t\/wp-content\/uploads\/2025\/04\/IMGP9518-768x514.jpg 768w\" sizes=\"auto, (max-width: 1200px) 100vw, 1200px\" \/><\/figure>\n\n\n\n<div class=\"wp-block-group has-global-padding is-layout-constrained wp-block-group-is-layout-constrained\">\n<p>Nad okolic\u0105 zachodzi ju\u017c s\u0142o\u0144ce, a 810 548-8 oczekuje pory odjazdu jako poc. 27215 do Chebu. 09.09.2009<\/p>\n<\/div>\n","protected":false},"excerpt":{"rendered":"<p>Nad okolic\u0105 zachodzi ju\u017c s\u0142o\u0144ce, a 810 548-8 oczekuje pory odjazdu jako poc. 27215 do Chebu. 09.09.2009<\/p>\n","protected":false},"author":1,"featured_media":16241,"comment_status":"open","ping_status":"","sticky":false,"template":"","format":"standard","meta":{"footnotes":""},"categories":[2,169],"tags":[419,92,50,49,3153,94,3154],"class_list":["post-16240","post","type-post","status-publish","format-standard","has-post-thumbnail","hentry","category-kolej","category-rok-2009","tag-2009-09-09","tag-92","tag-cd","tag-czechy","tag-luby-u-chebu","tag-na-kolejowym-koncu-swiata","tag-tab-cz146"],"_links":{"self":[{"href":"https:\/\/wgphoto.pl\/t\/index.php?rest_route=\/wp\/v2\/posts\/16240","targetHints":{"allow":["GET"]}}],"collection":[{"href":"https:\/\/wgphoto.pl\/t\/index.php?rest_route=\/wp\/v2\/posts"}],"about":[{"href":"https:\/\/wgphoto.pl\/t\/index.php?rest_route=\/wp\/v2\/types\/post"}],"author":[{"embeddable":true,"href":"https:\/\/wgphoto.pl\/t\/index.php?rest_route=\/wp\/v2\/users\/1"}],"replies":[{"embeddable":true,"href":"https:\/\/wgphoto.pl\/t\/index.php?rest_route=%2Fwp%2Fv2%2Fcomments&post=16240"}],"version-history":[{"count":1,"href":"https:\/\/wgphoto.pl\/t\/index.php?rest_route=\/wp\/v2\/posts\/16240\/revisions"}],"predecessor-version":[{"id":16242,"href":"https:\/\/wgphoto.pl\/t\/index.php?rest_route=\/wp\/v2\/posts\/16240\/revisions\/16242"}],"wp:featuredmedia":[{"embeddable":true,"href":"https:\/\/wgphoto.pl\/t\/index.php?rest_route=\/wp\/v2\/media\/16241"}],"wp:attachment":[{"href":"https:\/\/wgphoto.pl\/t\/index.php?rest_route=%2Fwp%2Fv2%2Fmedia&parent=16240"}],"wp:term":[{"taxonomy":"category","embeddable":true,"href":"https:\/\/wgphoto.pl\/t\/index.php?rest_route=%2Fwp%2Fv2%2Fcategories&post=16240"},{"taxonomy":"post_tag","embeddable":true,"href":"https:\/\/wgphoto.pl\/t\/index.php?rest_route=%2Fwp%2Fv2%2Ftags&post=16240"}],"curies":[{"name":"wp","href":"https:\/\/api.w.org\/{rel}","templated":true}]}}