{"id":16249,"date":"2025-04-13T23:12:45","date_gmt":"2025-04-13T21:12:45","guid":{"rendered":"https:\/\/wgphoto.pl\/t\/?p=16249"},"modified":"2025-04-13T23:12:45","modified_gmt":"2025-04-13T21:12:45","slug":"sn57","status":"publish","type":"post","link":"https:\/\/wgphoto.pl\/t\/?p=16249","title":{"rendered":"SN57"},"content":{"rendered":"\n<figure class=\"wp-block-image aligncenter size-full\"><img loading=\"lazy\" decoding=\"async\" width=\"1200\" height=\"803\" src=\"https:\/\/wgphoto.pl\/t\/wp-content\/uploads\/2025\/04\/IMGP0822.jpg\" alt=\"\" class=\"wp-image-16250\" srcset=\"https:\/\/wgphoto.pl\/t\/wp-content\/uploads\/2025\/04\/IMGP0822.jpg 1200w, https:\/\/wgphoto.pl\/t\/wp-content\/uploads\/2025\/04\/IMGP0822-300x201.jpg 300w, https:\/\/wgphoto.pl\/t\/wp-content\/uploads\/2025\/04\/IMGP0822-768x514.jpg 768w\" sizes=\"auto, (max-width: 1200px) 100vw, 1200px\" \/><\/figure>\n\n\n\n<div class=\"wp-block-group has-global-padding is-layout-constrained wp-block-group-is-layout-constrained\">\n<p>Lokomotywa serii SU42 w zwi\u0105zku z zamkni\u0119ciem torowym gdzie\u015b mi\u0119dzy Wroc\u0142awiem i Kamie\u0144cem Z\u0105bkowickim przeci\u0105ga pomi\u0119dzy Kamie\u0144cem i Jaworzyn\u0105 \u015al\u0105sk\u0105 duet SPOT-\u00f3w jad\u0105cych do Wroc\u0142awia na przegl\u0105d. Z\u0105bkowice \u015al\u0105skie, 28.11.2009<\/p>\n<\/div>\n","protected":false},"excerpt":{"rendered":"<p>Lokomotywa serii SU42 w zwi\u0105zku z zamkni\u0119ciem torowym gdzie\u015b mi\u0119dzy Wroc\u0142awiem i Kamie\u0144cem Z\u0105bkowickim przeci\u0105ga pomi\u0119dzy Kamie\u0144cem i Jaworzyn\u0105 \u015al\u0105sk\u0105 duet SPOT-\u00f3w jad\u0105cych do Wroc\u0142awia na przegl\u0105d. Z\u0105bkowice \u015al\u0105skie, 28.11.2009<\/p>\n","protected":false},"author":1,"featured_media":16250,"comment_status":"open","ping_status":"","sticky":false,"template":"","format":"standard","meta":{"footnotes":""},"categories":[2,169],"tags":[1583,132,63,27,319,1442],"class_list":["post-16249","post","type-post","status-publish","format-standard","has-post-thumbnail","hentry","category-kolej","category-rok-2009","tag-2009-11-28","tag-en57","tag-pkp","tag-polska","tag-tab-pl235","tag-zabkowice-slaskie"],"_links":{"self":[{"href":"https:\/\/wgphoto.pl\/t\/index.php?rest_route=\/wp\/v2\/posts\/16249","targetHints":{"allow":["GET"]}}],"collection":[{"href":"https:\/\/wgphoto.pl\/t\/index.php?rest_route=\/wp\/v2\/posts"}],"about":[{"href":"https:\/\/wgphoto.pl\/t\/index.php?rest_route=\/wp\/v2\/types\/post"}],"author":[{"embeddable":true,"href":"https:\/\/wgphoto.pl\/t\/index.php?rest_route=\/wp\/v2\/users\/1"}],"replies":[{"embeddable":true,"href":"https:\/\/wgphoto.pl\/t\/index.php?rest_route=%2Fwp%2Fv2%2Fcomments&post=16249"}],"version-history":[{"count":1,"href":"https:\/\/wgphoto.pl\/t\/index.php?rest_route=\/wp\/v2\/posts\/16249\/revisions"}],"predecessor-version":[{"id":16251,"href":"https:\/\/wgphoto.pl\/t\/index.php?rest_route=\/wp\/v2\/posts\/16249\/revisions\/16251"}],"wp:featuredmedia":[{"embeddable":true,"href":"https:\/\/wgphoto.pl\/t\/index.php?rest_route=\/wp\/v2\/media\/16250"}],"wp:attachment":[{"href":"https:\/\/wgphoto.pl\/t\/index.php?rest_route=%2Fwp%2Fv2%2Fmedia&parent=16249"}],"wp:term":[{"taxonomy":"category","embeddable":true,"href":"https:\/\/wgphoto.pl\/t\/index.php?rest_route=%2Fwp%2Fv2%2Fcategories&post=16249"},{"taxonomy":"post_tag","embeddable":true,"href":"https:\/\/wgphoto.pl\/t\/index.php?rest_route=%2Fwp%2Fv2%2Ftags&post=16249"}],"curies":[{"name":"wp","href":"https:\/\/api.w.org\/{rel}","templated":true}]}}