{"id":16261,"date":"2025-04-13T23:16:51","date_gmt":"2025-04-13T21:16:51","guid":{"rendered":"https:\/\/wgphoto.pl\/t\/?p=16261"},"modified":"2025-04-13T23:16:51","modified_gmt":"2025-04-13T21:16:51","slug":"dzierzoniow-wielkopolski","status":"publish","type":"post","link":"https:\/\/wgphoto.pl\/t\/?p=16261","title":{"rendered":"Dzier\u017coni\u00f3w Wielkopolski"},"content":{"rendered":"\n<figure class=\"wp-block-image aligncenter size-full\"><img loading=\"lazy\" decoding=\"async\" width=\"1200\" height=\"795\" src=\"https:\/\/wgphoto.pl\/t\/wp-content\/uploads\/2025\/04\/IMGP6752.jpg\" alt=\"\" class=\"wp-image-16262\" srcset=\"https:\/\/wgphoto.pl\/t\/wp-content\/uploads\/2025\/04\/IMGP6752.jpg 1200w, https:\/\/wgphoto.pl\/t\/wp-content\/uploads\/2025\/04\/IMGP6752-300x199.jpg 300w, https:\/\/wgphoto.pl\/t\/wp-content\/uploads\/2025\/04\/IMGP6752-768x509.jpg 768w\" sizes=\"auto, (max-width: 1200px) 100vw, 1200px\" \/><\/figure>\n\n\n\n<div class=\"wp-block-group has-global-padding is-layout-constrained wp-block-group-is-layout-constrained\">\n<p>Poci\u0105g osobowy 69215 relacji Dzier\u017coni\u00f3w \u015al. &#8211; Wroc\u0142aw G\u0142. odje\u017cd\u017ca ze stacji pocz\u0105tkowej. Wspomniany kurs obs\u0142uguje pojazd SA139-010, wypo\u017cyczony z Pesy i nosz\u0105cy barwy Kolei Wielkopolskich, gdy\u017c wcze\u015bniej, r\u00f3wnie\u017c na zasadzie dzier\u017cawy, kursowa\u0142 po wielkopolskich szlakach. 11.03.2018<\/p>\n<\/div>\n","protected":false},"excerpt":{"rendered":"<p>Poci\u0105g osobowy 69215 relacji Dzier\u017coni\u00f3w \u015al. &#8211; Wroc\u0142aw G\u0142. odje\u017cd\u017ca ze stacji pocz\u0105tkowej. Wspomniany kurs obs\u0142uguje pojazd SA139-010, wypo\u017cyczony z Pesy i nosz\u0105cy barwy Kolei Wielkopolskich, gdy\u017c wcze\u015bniej, r\u00f3wnie\u017c na zasadzie dzier\u017cawy, kursowa\u0142 po wielkopolskich szlakach. 11.03.2018<\/p>\n","protected":false},"author":1,"featured_media":16262,"comment_status":"open","ping_status":"","sticky":false,"template":"","format":"standard","meta":{"footnotes":""},"categories":[2,156],"tags":[3688,3687,402,3579,658,27,660,53,319],"class_list":["post-16261","post","type-post","status-publish","format-standard","has-post-thumbnail","hentry","category-kolej","category-rok-2018","tag-2018-03-11","tag-dzierzoniow","tag-kd","tag-kw","tag-pesa-link","tag-polska","tag-sa139","tag-sygnalizacja-ksztaltowa","tag-tab-pl235"],"_links":{"self":[{"href":"https:\/\/wgphoto.pl\/t\/index.php?rest_route=\/wp\/v2\/posts\/16261","targetHints":{"allow":["GET"]}}],"collection":[{"href":"https:\/\/wgphoto.pl\/t\/index.php?rest_route=\/wp\/v2\/posts"}],"about":[{"href":"https:\/\/wgphoto.pl\/t\/index.php?rest_route=\/wp\/v2\/types\/post"}],"author":[{"embeddable":true,"href":"https:\/\/wgphoto.pl\/t\/index.php?rest_route=\/wp\/v2\/users\/1"}],"replies":[{"embeddable":true,"href":"https:\/\/wgphoto.pl\/t\/index.php?rest_route=%2Fwp%2Fv2%2Fcomments&post=16261"}],"version-history":[{"count":1,"href":"https:\/\/wgphoto.pl\/t\/index.php?rest_route=\/wp\/v2\/posts\/16261\/revisions"}],"predecessor-version":[{"id":16263,"href":"https:\/\/wgphoto.pl\/t\/index.php?rest_route=\/wp\/v2\/posts\/16261\/revisions\/16263"}],"wp:featuredmedia":[{"embeddable":true,"href":"https:\/\/wgphoto.pl\/t\/index.php?rest_route=\/wp\/v2\/media\/16262"}],"wp:attachment":[{"href":"https:\/\/wgphoto.pl\/t\/index.php?rest_route=%2Fwp%2Fv2%2Fmedia&parent=16261"}],"wp:term":[{"taxonomy":"category","embeddable":true,"href":"https:\/\/wgphoto.pl\/t\/index.php?rest_route=%2Fwp%2Fv2%2Fcategories&post=16261"},{"taxonomy":"post_tag","embeddable":true,"href":"https:\/\/wgphoto.pl\/t\/index.php?rest_route=%2Fwp%2Fv2%2Ftags&post=16261"}],"curies":[{"name":"wp","href":"https:\/\/api.w.org\/{rel}","templated":true}]}}