{"id":16264,"date":"2025-04-13T23:17:44","date_gmt":"2025-04-13T21:17:44","guid":{"rendered":"https:\/\/wgphoto.pl\/t\/?p=16264"},"modified":"2025-04-13T23:17:44","modified_gmt":"2025-04-13T21:17:44","slug":"chwile-po-piatej","status":"publish","type":"post","link":"https:\/\/wgphoto.pl\/t\/?p=16264","title":{"rendered":"Chwil\u0119 po pi\u0105tej"},"content":{"rendered":"\n<figure class=\"wp-block-image aligncenter size-full\"><img loading=\"lazy\" decoding=\"async\" width=\"1200\" height=\"795\" src=\"https:\/\/wgphoto.pl\/t\/wp-content\/uploads\/2025\/04\/IMGP5083.jpg\" alt=\"\" class=\"wp-image-16265\" srcset=\"https:\/\/wgphoto.pl\/t\/wp-content\/uploads\/2025\/04\/IMGP5083.jpg 1200w, https:\/\/wgphoto.pl\/t\/wp-content\/uploads\/2025\/04\/IMGP5083-300x199.jpg 300w, https:\/\/wgphoto.pl\/t\/wp-content\/uploads\/2025\/04\/IMGP5083-768x509.jpg 768w\" sizes=\"auto, (max-width: 1200px) 100vw, 1200px\" \/><\/figure>\n\n\n\n<div class=\"wp-block-group has-global-padding is-layout-constrained wp-block-group-is-layout-constrained\">\n<p>Rze\u015bkiego, wiosennego poranka tramwaj linii 23 pomyka ulic\u0105 Jedno\u015bci Narodowej w kierunku centrum miasta. Zapowiada si\u0119 ciep\u0142y dzie\u0144. Zasadniczo chcia\u0142em tu porobi\u0107 zdj\u0119cia z tarcz\u0105 s\u0142o\u0144ca, wschodz\u0105cego w tych dniach idealnie na wprost tej ulicy. Jak wiadomo, s\u0142o\u0144ce wschodzi bardzo szybko. W ci\u0105gu kluczowych 10 minut przejecha\u0142y dwa tramwaje, ale towarzyszy\u0142 im milion samochod\u00f3w wi\u0119c sesj\u0119 fotograficzn\u0105 zako\u0144czy\u0142em tego dnia przed wschodem. 10.05.2016<\/p>\n<\/div>\n","protected":false},"excerpt":{"rendered":"<p>Rze\u015bkiego, wiosennego poranka tramwaj linii 23 pomyka ulic\u0105 Jedno\u015bci Narodowej w kierunku centrum miasta. Zapowiada si\u0119 ciep\u0142y dzie\u0144. Zasadniczo chcia\u0142em tu porobi\u0107 zdj\u0119cia z tarcz\u0105 s\u0142o\u0144ca, wschodz\u0105cego w tych dniach idealnie na wprost tej ulicy. Jak wiadomo, s\u0142o\u0144ce wschodzi bardzo szybko. W ci\u0105gu kluczowych 10 minut przejecha\u0142y dwa tramwaje, ale towarzyszy\u0142 im milion samochod\u00f3w wi\u0119c [&hellip;]<\/p>\n","protected":false},"author":1,"featured_media":16265,"comment_status":"open","ping_status":"","sticky":false,"template":"","format":"standard","meta":{"footnotes":""},"categories":[125,3],"tags":[43,1208,42,27,176,41],"class_list":["post-16264","post","type-post","status-publish","format-standard","has-post-thumbnail","hentry","category-rok-2016","category-tramwaj","tag-105nwr","tag-2016-05-10","tag-mpk-wroclaw","tag-polska","tag-rano","tag-wroclaw"],"_links":{"self":[{"href":"https:\/\/wgphoto.pl\/t\/index.php?rest_route=\/wp\/v2\/posts\/16264","targetHints":{"allow":["GET"]}}],"collection":[{"href":"https:\/\/wgphoto.pl\/t\/index.php?rest_route=\/wp\/v2\/posts"}],"about":[{"href":"https:\/\/wgphoto.pl\/t\/index.php?rest_route=\/wp\/v2\/types\/post"}],"author":[{"embeddable":true,"href":"https:\/\/wgphoto.pl\/t\/index.php?rest_route=\/wp\/v2\/users\/1"}],"replies":[{"embeddable":true,"href":"https:\/\/wgphoto.pl\/t\/index.php?rest_route=%2Fwp%2Fv2%2Fcomments&post=16264"}],"version-history":[{"count":1,"href":"https:\/\/wgphoto.pl\/t\/index.php?rest_route=\/wp\/v2\/posts\/16264\/revisions"}],"predecessor-version":[{"id":16266,"href":"https:\/\/wgphoto.pl\/t\/index.php?rest_route=\/wp\/v2\/posts\/16264\/revisions\/16266"}],"wp:featuredmedia":[{"embeddable":true,"href":"https:\/\/wgphoto.pl\/t\/index.php?rest_route=\/wp\/v2\/media\/16265"}],"wp:attachment":[{"href":"https:\/\/wgphoto.pl\/t\/index.php?rest_route=%2Fwp%2Fv2%2Fmedia&parent=16264"}],"wp:term":[{"taxonomy":"category","embeddable":true,"href":"https:\/\/wgphoto.pl\/t\/index.php?rest_route=%2Fwp%2Fv2%2Fcategories&post=16264"},{"taxonomy":"post_tag","embeddable":true,"href":"https:\/\/wgphoto.pl\/t\/index.php?rest_route=%2Fwp%2Fv2%2Ftags&post=16264"}],"curies":[{"name":"wp","href":"https:\/\/api.w.org\/{rel}","templated":true}]}}