{"id":16273,"date":"2025-04-13T23:21:30","date_gmt":"2025-04-13T21:21:30","guid":{"rendered":"https:\/\/wgphoto.pl\/t\/?p=16273"},"modified":"2025-04-13T23:21:30","modified_gmt":"2025-04-13T21:21:30","slug":"cztery-zolte-czola","status":"publish","type":"post","link":"https:\/\/wgphoto.pl\/t\/?p=16273","title":{"rendered":"Cztery \u017c\u00f3\u0142te czo\u0142a"},"content":{"rendered":"\n<figure class=\"wp-block-image aligncenter size-full\"><img loading=\"lazy\" decoding=\"async\" width=\"1200\" height=\"803\" src=\"https:\/\/wgphoto.pl\/t\/wp-content\/uploads\/2025\/04\/IMGP0770.jpg\" alt=\"\" class=\"wp-image-16274\" srcset=\"https:\/\/wgphoto.pl\/t\/wp-content\/uploads\/2025\/04\/IMGP0770.jpg 1200w, https:\/\/wgphoto.pl\/t\/wp-content\/uploads\/2025\/04\/IMGP0770-300x201.jpg 300w, https:\/\/wgphoto.pl\/t\/wp-content\/uploads\/2025\/04\/IMGP0770-768x514.jpg 768w\" sizes=\"auto, (max-width: 1200px) 100vw, 1200px\" \/><\/figure>\n\n\n\n<div class=\"wp-block-group has-global-padding is-layout-constrained wp-block-group-is-layout-constrained\">\n<p>ST43-398 i 239 szykuj\u0105 si\u0119 do wyjazdu w kierunku Pi\u0142awy G\u00f3rnej, co nast\u0105pi niestety ju\u017c po zmroku. Kamieniec Z\u0105bkowicki, 22.11.2009<\/p>\n<\/div>\n","protected":false},"excerpt":{"rendered":"<p>ST43-398 i 239 szykuj\u0105 si\u0119 do wyjazdu w kierunku Pi\u0142awy G\u00f3rnej, co nast\u0105pi niestety ju\u017c po zmroku. Kamieniec Z\u0105bkowicki, 22.11.2009<\/p>\n","protected":false},"author":1,"featured_media":16274,"comment_status":"open","ping_status":"","sticky":false,"template":"","format":"standard","meta":{"footnotes":""},"categories":[2,169],"tags":[3644,2274,63,27,64,319],"class_list":["post-16273","post","type-post","status-publish","format-standard","has-post-thumbnail","hentry","category-kolej","category-rok-2009","tag-2009-11-22","tag-kamieniec-zabkowicki","tag-pkp","tag-polska","tag-st43","tag-tab-pl235"],"_links":{"self":[{"href":"https:\/\/wgphoto.pl\/t\/index.php?rest_route=\/wp\/v2\/posts\/16273","targetHints":{"allow":["GET"]}}],"collection":[{"href":"https:\/\/wgphoto.pl\/t\/index.php?rest_route=\/wp\/v2\/posts"}],"about":[{"href":"https:\/\/wgphoto.pl\/t\/index.php?rest_route=\/wp\/v2\/types\/post"}],"author":[{"embeddable":true,"href":"https:\/\/wgphoto.pl\/t\/index.php?rest_route=\/wp\/v2\/users\/1"}],"replies":[{"embeddable":true,"href":"https:\/\/wgphoto.pl\/t\/index.php?rest_route=%2Fwp%2Fv2%2Fcomments&post=16273"}],"version-history":[{"count":1,"href":"https:\/\/wgphoto.pl\/t\/index.php?rest_route=\/wp\/v2\/posts\/16273\/revisions"}],"predecessor-version":[{"id":16275,"href":"https:\/\/wgphoto.pl\/t\/index.php?rest_route=\/wp\/v2\/posts\/16273\/revisions\/16275"}],"wp:featuredmedia":[{"embeddable":true,"href":"https:\/\/wgphoto.pl\/t\/index.php?rest_route=\/wp\/v2\/media\/16274"}],"wp:attachment":[{"href":"https:\/\/wgphoto.pl\/t\/index.php?rest_route=%2Fwp%2Fv2%2Fmedia&parent=16273"}],"wp:term":[{"taxonomy":"category","embeddable":true,"href":"https:\/\/wgphoto.pl\/t\/index.php?rest_route=%2Fwp%2Fv2%2Fcategories&post=16273"},{"taxonomy":"post_tag","embeddable":true,"href":"https:\/\/wgphoto.pl\/t\/index.php?rest_route=%2Fwp%2Fv2%2Ftags&post=16273"}],"curies":[{"name":"wp","href":"https:\/\/api.w.org\/{rel}","templated":true}]}}