{"id":16276,"date":"2025-04-16T18:07:21","date_gmt":"2025-04-16T16:07:21","guid":{"rendered":"https:\/\/wgphoto.pl\/t\/?p=16276"},"modified":"2025-04-16T18:07:21","modified_gmt":"2025-04-16T16:07:21","slug":"zabrania-sie-siadania-na-poreczach-w-przegubie-pojazdu","status":"publish","type":"post","link":"https:\/\/wgphoto.pl\/t\/?p=16276","title":{"rendered":"Zabrania si\u0119 siadania na por\u0119czach w przegubie pojazdu"},"content":{"rendered":"\n<figure class=\"wp-block-image aligncenter size-full\"><img loading=\"lazy\" decoding=\"async\" width=\"1200\" height=\"800\" src=\"https:\/\/wgphoto.pl\/t\/wp-content\/uploads\/2025\/04\/IMGP5458.jpg\" alt=\"\" class=\"wp-image-16277\" srcset=\"https:\/\/wgphoto.pl\/t\/wp-content\/uploads\/2025\/04\/IMGP5458.jpg 1200w, https:\/\/wgphoto.pl\/t\/wp-content\/uploads\/2025\/04\/IMGP5458-300x200.jpg 300w, https:\/\/wgphoto.pl\/t\/wp-content\/uploads\/2025\/04\/IMGP5458-768x512.jpg 768w\" sizes=\"auto, (max-width: 1200px) 100vw, 1200px\" \/><\/figure>\n\n\n\n<div class=\"wp-block-group has-global-padding is-layout-constrained wp-block-group-is-layout-constrained\">\n<p>Detale wn\u0119trza wagonu 102Na 2009. Zapis o tre\u015bci mniej wi\u0119cej jak w tytule widnia\u0142 pod\u00f3wczas w regulaminie przewozu i by\u0142 z pewno\u015bci\u0105 stworzony z my\u015bl\u0105 o stodw\u00f3jkach i ikarusach. 19.04.2009<\/p>\n<\/div>\n","protected":false},"excerpt":{"rendered":"<p>Detale wn\u0119trza wagonu 102Na 2009. Zapis o tre\u015bci mniej wi\u0119cej jak w tytule widnia\u0142 pod\u00f3wczas w regulaminie przewozu i by\u0142 z pewno\u015bci\u0105 stworzony z my\u015bl\u0105 o stodw\u00f3jkach i ikarusach. 19.04.2009<\/p>\n","protected":false},"author":1,"featured_media":16277,"comment_status":"open","ping_status":"","sticky":false,"template":"","format":"standard","meta":{"footnotes":""},"categories":[220,169,3],"tags":[3304,309,42,27,439,454,41],"class_list":["post-16276","post","type-post","status-publish","format-standard","has-post-thumbnail","hentry","category-blo","category-rok-2009","category-tramwaj","tag-2009-04-19","tag-konstal-102na","tag-mpk-wroclaw","tag-polska","tag-we-fabryce","tag-wnetrza-pojazdow","tag-wroclaw"],"_links":{"self":[{"href":"https:\/\/wgphoto.pl\/t\/index.php?rest_route=\/wp\/v2\/posts\/16276","targetHints":{"allow":["GET"]}}],"collection":[{"href":"https:\/\/wgphoto.pl\/t\/index.php?rest_route=\/wp\/v2\/posts"}],"about":[{"href":"https:\/\/wgphoto.pl\/t\/index.php?rest_route=\/wp\/v2\/types\/post"}],"author":[{"embeddable":true,"href":"https:\/\/wgphoto.pl\/t\/index.php?rest_route=\/wp\/v2\/users\/1"}],"replies":[{"embeddable":true,"href":"https:\/\/wgphoto.pl\/t\/index.php?rest_route=%2Fwp%2Fv2%2Fcomments&post=16276"}],"version-history":[{"count":1,"href":"https:\/\/wgphoto.pl\/t\/index.php?rest_route=\/wp\/v2\/posts\/16276\/revisions"}],"predecessor-version":[{"id":16278,"href":"https:\/\/wgphoto.pl\/t\/index.php?rest_route=\/wp\/v2\/posts\/16276\/revisions\/16278"}],"wp:featuredmedia":[{"embeddable":true,"href":"https:\/\/wgphoto.pl\/t\/index.php?rest_route=\/wp\/v2\/media\/16277"}],"wp:attachment":[{"href":"https:\/\/wgphoto.pl\/t\/index.php?rest_route=%2Fwp%2Fv2%2Fmedia&parent=16276"}],"wp:term":[{"taxonomy":"category","embeddable":true,"href":"https:\/\/wgphoto.pl\/t\/index.php?rest_route=%2Fwp%2Fv2%2Fcategories&post=16276"},{"taxonomy":"post_tag","embeddable":true,"href":"https:\/\/wgphoto.pl\/t\/index.php?rest_route=%2Fwp%2Fv2%2Ftags&post=16276"}],"curies":[{"name":"wp","href":"https:\/\/api.w.org\/{rel}","templated":true}]}}