{"id":16282,"date":"2025-04-16T18:09:11","date_gmt":"2025-04-16T16:09:11","guid":{"rendered":"https:\/\/wgphoto.pl\/t\/?p=16282"},"modified":"2025-04-16T18:09:11","modified_gmt":"2025-04-16T16:09:11","slug":"prosze-zachowac-porzadek","status":"publish","type":"post","link":"https:\/\/wgphoto.pl\/t\/?p=16282","title":{"rendered":"Prosz\u0119 zachowa\u0107 porz\u0105dek"},"content":{"rendered":"\n<figure class=\"wp-block-image aligncenter size-full\"><img loading=\"lazy\" decoding=\"async\" width=\"1200\" height=\"803\" src=\"https:\/\/wgphoto.pl\/t\/wp-content\/uploads\/2025\/04\/IMGP5456.jpg\" alt=\"\" class=\"wp-image-16283\" srcset=\"https:\/\/wgphoto.pl\/t\/wp-content\/uploads\/2025\/04\/IMGP5456.jpg 1200w, https:\/\/wgphoto.pl\/t\/wp-content\/uploads\/2025\/04\/IMGP5456-300x201.jpg 300w, https:\/\/wgphoto.pl\/t\/wp-content\/uploads\/2025\/04\/IMGP5456-768x514.jpg 768w\" sizes=\"auto, (max-width: 1200px) 100vw, 1200px\" \/><\/figure>\n\n\n\n<div class=\"wp-block-group has-global-padding is-layout-constrained wp-block-group-is-layout-constrained\">\n<p>Zgodnie z napisem na ramie okna &#8211; w kabinie panuje porz\u0105dek. Porz\u0105dek w nieporz\u0105dku. Rozk\u0142ad jazdy rzucony w k\u0105t, klucze, d\u0142ugopis, kartki do notowania zlece\u0144 po prawej (w\u00f3z 2009, w kt\u00f3rym si\u0119 znajdujemy, by\u0142 przystosowany do pe\u0142nienia roli &#8222;awaryjnego&#8221;) oraz korek od szampana na &#8222;zetce&#8221; od przetwornicy(?). Kurcz\u0119, po tych paru latach ju\u017c nie pami\u0119tam od czego by\u0142 pierwszy prze\u0142\u0105cznik z lewej. 19.04.2009<\/p>\n<\/div>\n","protected":false},"excerpt":{"rendered":"<p>Zgodnie z napisem na ramie okna &#8211; w kabinie panuje porz\u0105dek. Porz\u0105dek w nieporz\u0105dku. Rozk\u0142ad jazdy rzucony w k\u0105t, klucze, d\u0142ugopis, kartki do notowania zlece\u0144 po prawej (w\u00f3z 2009, w kt\u00f3rym si\u0119 znajdujemy, by\u0142 przystosowany do pe\u0142nienia roli &#8222;awaryjnego&#8221;) oraz korek od szampana na &#8222;zetce&#8221; od przetwornicy(?). Kurcz\u0119, po tych paru latach ju\u017c nie pami\u0119tam [&hellip;]<\/p>\n","protected":false},"author":1,"featured_media":16283,"comment_status":"open","ping_status":"","sticky":false,"template":"","format":"standard","meta":{"footnotes":""},"categories":[220,169,3],"tags":[3304,309,42,27,2882,439,454,41],"class_list":["post-16282","post","type-post","status-publish","format-standard","has-post-thumbnail","hentry","category-blo","category-rok-2009","category-tramwaj","tag-2009-04-19","tag-konstal-102na","tag-mpk-wroclaw","tag-polska","tag-pulpit","tag-we-fabryce","tag-wnetrza-pojazdow","tag-wroclaw"],"_links":{"self":[{"href":"https:\/\/wgphoto.pl\/t\/index.php?rest_route=\/wp\/v2\/posts\/16282","targetHints":{"allow":["GET"]}}],"collection":[{"href":"https:\/\/wgphoto.pl\/t\/index.php?rest_route=\/wp\/v2\/posts"}],"about":[{"href":"https:\/\/wgphoto.pl\/t\/index.php?rest_route=\/wp\/v2\/types\/post"}],"author":[{"embeddable":true,"href":"https:\/\/wgphoto.pl\/t\/index.php?rest_route=\/wp\/v2\/users\/1"}],"replies":[{"embeddable":true,"href":"https:\/\/wgphoto.pl\/t\/index.php?rest_route=%2Fwp%2Fv2%2Fcomments&post=16282"}],"version-history":[{"count":1,"href":"https:\/\/wgphoto.pl\/t\/index.php?rest_route=\/wp\/v2\/posts\/16282\/revisions"}],"predecessor-version":[{"id":16284,"href":"https:\/\/wgphoto.pl\/t\/index.php?rest_route=\/wp\/v2\/posts\/16282\/revisions\/16284"}],"wp:featuredmedia":[{"embeddable":true,"href":"https:\/\/wgphoto.pl\/t\/index.php?rest_route=\/wp\/v2\/media\/16283"}],"wp:attachment":[{"href":"https:\/\/wgphoto.pl\/t\/index.php?rest_route=%2Fwp%2Fv2%2Fmedia&parent=16282"}],"wp:term":[{"taxonomy":"category","embeddable":true,"href":"https:\/\/wgphoto.pl\/t\/index.php?rest_route=%2Fwp%2Fv2%2Fcategories&post=16282"},{"taxonomy":"post_tag","embeddable":true,"href":"https:\/\/wgphoto.pl\/t\/index.php?rest_route=%2Fwp%2Fv2%2Ftags&post=16282"}],"curies":[{"name":"wp","href":"https:\/\/api.w.org\/{rel}","templated":true}]}}