{"id":16285,"date":"2025-04-16T18:10:10","date_gmt":"2025-04-16T16:10:10","guid":{"rendered":"https:\/\/wgphoto.pl\/t\/?p=16285"},"modified":"2025-04-16T18:10:10","modified_gmt":"2025-04-16T16:10:10","slug":"tu-zaszly-zmiany","status":"publish","type":"post","link":"https:\/\/wgphoto.pl\/t\/?p=16285","title":{"rendered":"Tu zasz\u0142y zmiany"},"content":{"rendered":"\n<figure class=\"wp-block-image aligncenter size-full\"><img loading=\"lazy\" decoding=\"async\" width=\"1200\" height=\"675\" src=\"https:\/\/wgphoto.pl\/t\/wp-content\/uploads\/2025\/04\/dscf6556.jpg\" alt=\"\" class=\"wp-image-16286\" srcset=\"https:\/\/wgphoto.pl\/t\/wp-content\/uploads\/2025\/04\/dscf6556.jpg 1200w, https:\/\/wgphoto.pl\/t\/wp-content\/uploads\/2025\/04\/dscf6556-300x169.jpg 300w, https:\/\/wgphoto.pl\/t\/wp-content\/uploads\/2025\/04\/dscf6556-768x432.jpg 768w\" sizes=\"auto, (max-width: 1200px) 100vw, 1200px\" \/><\/figure>\n\n\n\n<div class=\"wp-block-group has-global-padding is-layout-constrained wp-block-group-is-layout-constrained\">\n<p>EN57-1938 jako osobowy z G\u0142ogowa do Wroc\u0142awia zbli\u017ca si\u0119 do Wroc\u0142awia Ku\u017anik. Pojazd obecnie je\u017adzi w KD, a samo miejsce znacznie si\u0119 zmieni\u0142o, gdy\u017c w tym miejscu stoi nad torami wiadukt autostrady A8. 01.04.2008<\/p>\n<\/div>\n","protected":false},"excerpt":{"rendered":"<p>EN57-1938 jako osobowy z G\u0142ogowa do Wroc\u0142awia zbli\u017ca si\u0119 do Wroc\u0142awia Ku\u017anik. Pojazd obecnie je\u017adzi w KD, a samo miejsce znacznie si\u0119 zmieni\u0142o, gdy\u017c w tym miejscu stoi nad torami wiadukt autostrady A8. 01.04.2008<\/p>\n","protected":false},"author":1,"featured_media":16286,"comment_status":"open","ping_status":"","sticky":false,"template":"","format":"standard","meta":{"footnotes":""},"categories":[2,120],"tags":[2670,132,1025,63,27,1024,41,2682,2683,2681],"class_list":["post-16285","post","type-post","status-publish","format-standard","has-post-thumbnail","hentry","category-kolej","category-rok-2008","tag-2008-04-01","tag-en57","tag-nadodrzanka","tag-pkp","tag-polska","tag-tab-pl265","tag-wroclaw","tag-wroclaw-kuzniki","tag-wroclaw-pracze","tag-wroclaw-stadion"],"_links":{"self":[{"href":"https:\/\/wgphoto.pl\/t\/index.php?rest_route=\/wp\/v2\/posts\/16285","targetHints":{"allow":["GET"]}}],"collection":[{"href":"https:\/\/wgphoto.pl\/t\/index.php?rest_route=\/wp\/v2\/posts"}],"about":[{"href":"https:\/\/wgphoto.pl\/t\/index.php?rest_route=\/wp\/v2\/types\/post"}],"author":[{"embeddable":true,"href":"https:\/\/wgphoto.pl\/t\/index.php?rest_route=\/wp\/v2\/users\/1"}],"replies":[{"embeddable":true,"href":"https:\/\/wgphoto.pl\/t\/index.php?rest_route=%2Fwp%2Fv2%2Fcomments&post=16285"}],"version-history":[{"count":1,"href":"https:\/\/wgphoto.pl\/t\/index.php?rest_route=\/wp\/v2\/posts\/16285\/revisions"}],"predecessor-version":[{"id":16287,"href":"https:\/\/wgphoto.pl\/t\/index.php?rest_route=\/wp\/v2\/posts\/16285\/revisions\/16287"}],"wp:featuredmedia":[{"embeddable":true,"href":"https:\/\/wgphoto.pl\/t\/index.php?rest_route=\/wp\/v2\/media\/16286"}],"wp:attachment":[{"href":"https:\/\/wgphoto.pl\/t\/index.php?rest_route=%2Fwp%2Fv2%2Fmedia&parent=16285"}],"wp:term":[{"taxonomy":"category","embeddable":true,"href":"https:\/\/wgphoto.pl\/t\/index.php?rest_route=%2Fwp%2Fv2%2Fcategories&post=16285"},{"taxonomy":"post_tag","embeddable":true,"href":"https:\/\/wgphoto.pl\/t\/index.php?rest_route=%2Fwp%2Fv2%2Ftags&post=16285"}],"curies":[{"name":"wp","href":"https:\/\/api.w.org\/{rel}","templated":true}]}}